{"id":86748,"date":"2025-12-17T11:13:10","date_gmt":"2025-12-17T11:13:10","guid":{"rendered":"https:\/\/www.europesays.com\/nl\/86748\/"},"modified":"2025-12-17T11:13:10","modified_gmt":"2025-12-17T11:13:10","slug":"die-vrouw-ziet-eruit-als-kerstboom","status":"publish","type":"post","link":"https:\/\/www.europesays.com\/nl\/86748\/","title":{"rendered":"\u2018Die vrouw ziet eruit als kerstboom!\u2019"},"content":{"rendered":"<p>Patty Brard wordt behoorlijk door de mangel gehaald in de podcast van Mark Koster en haar goede vriendin Tina Nijkamp. Niet door haar, maar wel door hem. \u201cZe ziet eruit als een kerstboom!\u201d<\/p>\n<p>        Door onze entertainmentredactie<\/p>\n<p>        <img fetchpriority=\"high\" decoding=\"async\" width=\"1280\" height=\"720\" src=\"https:\/\/www.europesays.com\/nl\/wp-content\/uploads\/2025\/12\/1217-Patty-Lale.jpg\" class=\"attachment-post-thumbnail size-post-thumbnail wp-post-image\" alt=\"Lale G\u00fcl en Patty Brard\"  \/>        \u00a9 SBS    <\/p>\n<p>Het lijkt er sterk op dat Patty Brard de overstap maakt van SBS Shownieuws naar een programma van RTL, misschien zelfs wel naar de kijkcijferflop RTL Tonight. Ze heeft vorige week een <a href=\"https:\/\/www.mediacourant.nl\/2025\/12\/patty-brard-hint-op-terugkeer-naar-rtl-ik-ga-eten-met-peter\/\" rel=\"nofollow noopener\" target=\"_blank\">etentje gehad<\/a> met de afzwaaiende tv-baas Peter van der Vorst en dook vlak daarna, op zondagavond, op bij het debuut van Leonie ter Braak in RTL Tonight. <\/p>\n<p>Kerstboom<\/p>\n<p>Dat debuut van Leonie stelde een beetje teleur. Ook het gesprek met Patty was niet veel. Ze zat daar om te vertellen over haar rol in Scrooge Live en het werd <a href=\"https:\/\/www.mediacourant.nl\/2025\/12\/patty-brard-duikt-op-bij-rtl-leonie-ter-braak-stelt-teleur-te-licht\/\" rel=\"nofollow noopener\" target=\"_blank\">\u00e9\u00e9n groot slijminterview<\/a>.<\/p>\n<p>Ook Leonie gaat de boel niet redden, is de conclusie van mediacolumnist Mark Koster. Hij zegt in de podcast <a href=\"https:\/\/open.spotify.com\/episode\/05M6owG2P00vq8zNDKkU1I?si=156533210d514401\" rel=\"nofollow noopener\" target=\"_blank\">De Mediaweek<\/a>: \u201cDie carrousel daar werkt helemaal niet. Zet er nou \u00e9\u00e9n op neer. Leonie zat er met Patty Brard, die eruitzag alsof ze een kerstboom was.\u201d<\/p>\n<p>I love Patty<\/p>\n<p>Co-host Tina Nijkamp schrikt zich een hoedje van die sneer van Mark. Het is algemeen bekend dat Patty nogal lichtgeraakt is, dus de tv-autoriteit distantieert zich hier direct van. \u201cI love Patty, h\u00e8?\u201d<\/p>\n<p>Mark: \u201cJa, dat weet ik wel. Ik vind Patty ook leuk, maar Patty ging daar dan alleen maar over zichzelf praten, want ze kan eigenlijk alleen maar over zichzelf praten.\u201d<\/p>\n<p>\u2018Jij basht haar!\u2019<\/p>\n<p>Tina wil echt niet meedoen met het bashen van Patty. \u201cNou, dat vind ik niet. Ik ga niet Patty Brard bashen, want zij zit in mijn hart. Ja, jij mag haar bashen, maar ik niet, want ik hou heel veel van haar.\u201d<\/p>\n<p>Mark: \u201cJa, je mag van iedereen houden, maar Patty Brard lulde ook een beetje vals mee met Frits Wester over die beveiliging van Lale G\u00fcl.\u201d<\/p>\n<p>Slechte line-up<\/p>\n<p>Het is wel zo dat het onderwerp waarvoor Patty aan tafel zat t\u00e9 nietszeggend is, vindt Tina. Maar dat is geen kritiek op Patty, maar programma-inhoudelijke kritiek, benadrukt ze. \u201cHet ging w\u00e9\u00e9r over de beveiliging van Lale G\u00fcl, het ging w\u00e9\u00e9r over Scrooge, want daarom zat Patty er.\u201d<\/p>\n<p>Ze vervolgt: \u201cIk hou van Patty, maar wat RTL Tonight heel vaak doet is dat ze Tijd voor MAX aan het spelen zijn en dat is een programma bij Omroep MAX om vijf uur \u2019s middags waar mensen alleen maar praten over dingen die ze verkopen. Een toneelstuk, een film, een tv-uitzending. Dat was dit!\u201d<\/p>\n<p>Bloedsaai<\/p>\n<p>Daar kan Mark zich goed in vinden. \u201cBloedsaai.\u201d<\/p>\n<p>Tina: \u201cEigenlijk was die uitzending alleen maar een herhaling van zetten. Het was gewoon RTL Boulevard light meets HLF8 en dus was het niks. Het is heel slecht. Het is waardeloos!\u201d<\/p>\n<p>Het is voor Tina te hopen dat Patty niet de overstap maakt naar RTL Tonight, want anders moet ze zich elke ochtend bij het publiceren van de kijkcijfers wel in h\u00e9\u00e9l veel bochten wringen om niet op Patty\u2019s ingekorte tenen te trappen. Spannend!<\/p>\n","protected":false},"excerpt":{"rendered":"Patty Brard wordt behoorlijk door de mangel gehaald in de podcast van Mark Koster en haar goede vriendin&hellip;\n","protected":false},"author":2,"featured_media":86749,"comment_status":"","ping_status":"","sticky":false,"template":"","format":"standard","meta":{"footnotes":""},"categories":[25],"tags":[99,48,98,18114,46,47,49,45,50,276],"class_list":{"0":"post-86748","1":"post","2":"type-post","3":"status-publish","4":"format-standard","5":"has-post-thumbnail","7":"category-amusement","8":"tag-amusement","9":"tag-dutch","10":"tag-entertainment","11":"tag-mark-koster","12":"tag-nederland","13":"tag-nederlanden","14":"tag-nederlands","15":"tag-netherlands","16":"tag-nl","17":"tag-patty-brard"},"share_on_mastodon":{"url":"https:\/\/pubeurope.com\/@nl\/115734616816412701","error":""},"_links":{"self":[{"href":"https:\/\/www.europesays.com\/nl\/wp-json\/wp\/v2\/posts\/86748","targetHints":{"allow":["GET"]}}],"collection":[{"href":"https:\/\/www.europesays.com\/nl\/wp-json\/wp\/v2\/posts"}],"about":[{"href":"https:\/\/www.europesays.com\/nl\/wp-json\/wp\/v2\/types\/post"}],"author":[{"embeddable":true,"href":"https:\/\/www.europesays.com\/nl\/wp-json\/wp\/v2\/users\/2"}],"replies":[{"embeddable":true,"href":"https:\/\/www.europesays.com\/nl\/wp-json\/wp\/v2\/comments?post=86748"}],"version-history":[{"count":0,"href":"https:\/\/www.europesays.com\/nl\/wp-json\/wp\/v2\/posts\/86748\/revisions"}],"wp:featuredmedia":[{"embeddable":true,"href":"https:\/\/www.europesays.com\/nl\/wp-json\/wp\/v2\/media\/86749"}],"wp:attachment":[{"href":"https:\/\/www.europesays.com\/nl\/wp-json\/wp\/v2\/media?parent=86748"}],"wp:term":[{"taxonomy":"category","embeddable":true,"href":"https:\/\/www.europesays.com\/nl\/wp-json\/wp\/v2\/categories?post=86748"},{"taxonomy":"post_tag","embeddable":true,"href":"https:\/\/www.europesays.com\/nl\/wp-json\/wp\/v2\/tags?post=86748"}],"curies":[{"name":"wp","href":"https:\/\/api.w.org\/{rel}","templated":true}]}}