{"id":88050,"date":"2025-12-18T17:11:20","date_gmt":"2025-12-18T17:11:20","guid":{"rendered":"https:\/\/www.europesays.com\/nl\/88050\/"},"modified":"2025-12-18T17:11:20","modified_gmt":"2025-12-18T17:11:20","slug":"franse-arts-levenslang-achter-tralies-voor-vergiftiging-30-patienten","status":"publish","type":"post","link":"https:\/\/www.europesays.com\/nl\/88050\/","title":{"rendered":"Franse arts levenslang achter tralies voor vergiftiging 30 pati\u00ebnten"},"content":{"rendered":"<p>Fr\u00e9d\u00e9ric P\u00e9chier werkte als anesthesist in twee priv\u00e9klinieken in de Oost-Franse stad Besan\u00e7on. Het onderzoek naar hem begon in 2017 nadat pati\u00ebnten bij twee routinematige operaties ernstige hartproblemen hadden gekregen. Hun leven kon ternauwernood worden gered.<\/p>\n<p>Tijdens het onderzoek kwamen de autoriteiten vergiftigingen op het spoor die al jaren aan de gang waren. Volgens het Franse Openbaar Ministerie heeft de arts tussen 2008 en 2017 in de twee klinieken opzettelijk hoge doses giftige stoffen toegediend aan pati\u00ebnten, die als gevolg daarvan een hartstilstand kregen.<\/p>\n<p>De man zou 23 keer hebben geprobeerd de pati\u00ebnten te reanimeren. Het jongste slachtoffer, de 4-jarige, overleefde <a href=\"https:\/\/www.bbc.com\/news\/articles\/c2epv08xwz7o\" target=\"_blank\" rel=\"nofollow noopener\">volgens de BBC<\/a> twee hartstilstanden tijdens een routineuze amandeloperatie in 2016.\u00a0<\/p>\n<p>Onderzoekers vermoeden dat zijn motief was de reputatie van andere artsen, met wie hij een persoonlijk conflict had, te schaden. Aanklagers zeiden tijdens het proces dat P\u00e9chier van de kliniek &#8216;een kerkhof&#8217; heeft gemaakt.<\/p>\n<p>De arts ontkende de beschuldigingen. &#8220;Ik zeg het en zal het altijd zeggen: ik heb niemand vergiftigd&#8221;, zei hij in zijn slotverklaring. De verdediging pleitte dan ook voor vrijspraak.\u00a0<\/p>\n","protected":false},"excerpt":{"rendered":"Fr\u00e9d\u00e9ric P\u00e9chier werkte als anesthesist in twee priv\u00e9klinieken in de Oost-Franse stad Besan\u00e7on. Het onderzoek naar hem begon&hellip;\n","protected":false},"author":2,"featured_media":88051,"comment_status":"","ping_status":"","sticky":false,"template":"","format":"standard","meta":{"footnotes":""},"categories":[15],"tags":[39,40,48,43,44,526,34,35,41,42,46,47,49,45,32,33,50,310,36,37,38,67,64,65,66],"class_list":{"0":"post-88050","1":"post","2":"type-post","3":"status-publish","4":"format-standard","5":"has-post-thumbnail","7":"category-wereld","8":"tag-breaking-news","9":"tag-breakingnews","10":"tag-dutch","11":"tag-featured-news","12":"tag-featurednews","13":"tag-frankrijk","14":"tag-headlines","15":"tag-hoofdpunten","16":"tag-latest-news","17":"tag-latestnews","18":"tag-nederland","19":"tag-nederlanden","20":"tag-nederlands","21":"tag-netherlands","22":"tag-news","23":"tag-nieuws","24":"tag-nl","25":"tag-rechtszaak","26":"tag-top-stories","27":"tag-topstories","28":"tag-voorpaginanieuws","29":"tag-wereld","30":"tag-world","31":"tag-world-news","32":"tag-worldnews"},"share_on_mastodon":{"url":"https:\/\/pubeurope.com\/@nl\/115741686727418467","error":""},"_links":{"self":[{"href":"https:\/\/www.europesays.com\/nl\/wp-json\/wp\/v2\/posts\/88050","targetHints":{"allow":["GET"]}}],"collection":[{"href":"https:\/\/www.europesays.com\/nl\/wp-json\/wp\/v2\/posts"}],"about":[{"href":"https:\/\/www.europesays.com\/nl\/wp-json\/wp\/v2\/types\/post"}],"author":[{"embeddable":true,"href":"https:\/\/www.europesays.com\/nl\/wp-json\/wp\/v2\/users\/2"}],"replies":[{"embeddable":true,"href":"https:\/\/www.europesays.com\/nl\/wp-json\/wp\/v2\/comments?post=88050"}],"version-history":[{"count":0,"href":"https:\/\/www.europesays.com\/nl\/wp-json\/wp\/v2\/posts\/88050\/revisions"}],"wp:featuredmedia":[{"embeddable":true,"href":"https:\/\/www.europesays.com\/nl\/wp-json\/wp\/v2\/media\/88051"}],"wp:attachment":[{"href":"https:\/\/www.europesays.com\/nl\/wp-json\/wp\/v2\/media?parent=88050"}],"wp:term":[{"taxonomy":"category","embeddable":true,"href":"https:\/\/www.europesays.com\/nl\/wp-json\/wp\/v2\/categories?post=88050"},{"taxonomy":"post_tag","embeddable":true,"href":"https:\/\/www.europesays.com\/nl\/wp-json\/wp\/v2\/tags?post=88050"}],"curies":[{"name":"wp","href":"https:\/\/api.w.org\/{rel}","templated":true}]}}