{"id":88357,"date":"2025-12-18T22:48:23","date_gmt":"2025-12-18T22:48:23","guid":{"rendered":"https:\/\/www.europesays.com\/nl\/88357\/"},"modified":"2025-12-18T22:48:23","modified_gmt":"2025-12-18T22:48:23","slug":"klaasje-meijer-over-zoontje-geboren-met-een-slokdarmafsluiting","status":"publish","type":"post","link":"https:\/\/www.europesays.com\/nl\/88357\/","title":{"rendered":"Klaasje Meijer over zoontje: \u2018Geboren met een slokdarmafsluiting\u2019"},"content":{"rendered":"<p>                                                <img style=\"aspect-ratio: 180 \/ 97;\" src=\"https:\/\/www.europesays.com\/nl\/wp-content\/uploads\/2025\/12\/huwelijk-Disneyland-1-1-720x388.png\" class=\"attachment-720p size-720p wp-post-image\" alt=\"Klaasje Meijer\" loading=\"eager\"  fetchpriority=\"high\" decoding=\"async\" \/><br \/>\n                Beeld: Instagram<\/p>\n<p>                            <img style=\"aspect-ratio: 1 \/ 1;\" src=\"https:\/\/www.europesays.com\/nl\/wp-content\/uploads\/2025\/10\/WhatsApp-Image-2024-10-22-at-14.31.45-1-3.jpeg\" class=\"attachment-240x240 size-240x240\" alt=\"Melanie Borgman\" loading=\"lazy\"  scalefit=\"1\" decoding=\"async\" \/>                        <\/p>\n<p>In de Vlaamse podcast Peter Van de Veire &amp; De Zandloper deelt Klaasje Meijer (30) openhartig hoe heftig de eerste weken met haar zoontje Abel waren. De baby werd namelijk geboren met een zeldzame slokdarmafsluiting, waardoor hij direct medische hulp nodig had.<\/p>\n<p>\n        Lees verder onder de advertentie    <\/p>\n<p>Op 17 augustus 2025 beviel Klaasje van haar zoontje. Vlak <a href=\"https:\/\/www.kekmama.nl\/artikel\/nieuws\/klaasje-meijer-bevallen\" target=\"_blank\" rel=\"noreferrer noopener nofollow\">na de geboorte<\/a> liet het oud-K3\u2019tje toen al weten dat de start van Abel\u2019s leven op aarde moeizaam was en dat ze hoopte dat ze snel naar huis konden. <\/p>\n<p>Zeldzame slokdarmafsluiting<\/p>\n<p>\u201cNa zijn geboorte moesten we een tijdje in het ziekenhuis blijven\u201d, vertelt Klaasje in de podcast. Abel\u2019s slokdarm was niet verbonden met zijn maag, een zeldzame afwijking die artsen snel ontdekten, omdat hij moeite had met ademen en zijn slijm niet weg kon slikken. Dankzij een gespecialiseerd team kon hij worden onderzocht en geopereerd.<\/p>\n<p>\n        Lees verder onder de advertentie    <\/p>\n<p>Zware periode<\/p>\n<p>Het waren pittige weken voor Klaasje en haar partner Max. \u201cOp zo\u2019n moment zit je met zijn drie\u00ebn even diep\u201d, deelt ze. Klaasje vertelt ook dat ze zelf veel bloed verloor rond de bevalling. Tegelijkertijd leerde deze periode hen wie er echt voor hen klaarstonden: \u201cHet is op zulke momenten dat je beseft wie je vrienden zijn.\u201d<\/p>\n<p>\n        Lees verder onder de advertentie    <\/p>\n<p>Tekst gaat verder onder de Instagrampost<\/p>\n<blockquote class=\"instagram-media\" data-instgrm-captioned=\"\" data-instgrm-permalink=\"https:\/\/www.instagram.com\/reel\/DSZS3u4iFTY\/?utm_source=ig_embed&amp;utm_campaign=loading\" data-instgrm-version=\"14\" style=\" background:#FFF; border:0; border-radius:3px; box-shadow:0 0 1px 0 rgba(0,0,0,0.5),0 1px 10px 0 rgba(0,0,0,0.15); margin: 1px; max-width:540px; min-width:326px; padding:0; width:99.375%; width:-webkit-calc(100% - 2px); width:calc(100% - 2px);\"\/>\n<p>Gelukkig ging de operatie goed en kon het gezin uiteindelijk naar huis, waar Abel verder herstelde. Tegenwoordig geniet Klaasje volop van het moederschap en noemt ze haar zoon een vrolijke baby. \u201cAlle clich\u00e9s over het ouderschap zijn waar, en Abel staat op nummer \u00e9\u00e9n\u201d, zegt ze.<\/p>\n<p>                        <img loading=\"lazy\" style=\"aspect-ratio: 1 \/ 1;\" src=\"https:\/\/www.europesays.com\/nl\/wp-content\/uploads\/2025\/09\/mosz-branded-90x90.jpg\" class=\"attachment-90p size-90p\" alt=\"\" decoding=\"async\"  \/>                    <\/p>\n<p class=\"mr-1\">Gratis MOSZ leren tas<\/p>\n<p class=\"mr-1\">Abonneer voordelig en krijg een gratis MOSZ tas t.w.v. \u20ac119,95<\/p>\n<p>Aangeboden door:<\/p>\n<p>                            <img loading=\"lazy\" src=\"https:\/\/img.kekmama.nl\/opt\/2024\/03\/300124-logo-kekmama-black.svg\" class=\"attachment-90p size-90p\" alt=\"Logo Kekmama\" decoding=\"async\"\/>                        <\/p>\n<p>                                    <a href=\"https:\/\/abonnementen.kekmama.nl\/?utm_source=website&amp;utm_medium=brandenblok&amp;utm_campaign=mosz\" target=\"_blank\" rel=\"sponsored nofollow noopener\" title=\"Gratis MOSZ leren tas\" class=\"overlay-link\"><\/p>\n<p>                    <\/a><\/p>\n<p>Niet alleen het zoontje van Klaasje werd geboren met gezondheidsproblemen. Ook Dirk, de baby van schaatskoningin Irene Schouten had een slechte start en kreeg intensieve zorg vanwege een genetische mutatie. In <a href=\"https:\/\/www.kekmama.nl\/artikel\/nieuws\/irene-schouten-over-gezondheidsproblemen-van-zoontje-dirk\" target=\"_blank\" rel=\"noreferrer noopener nofollow\">dit artikel<\/a> vertelt Irene er meer over.<\/p>\n<p>        Delen    <\/p>\n<p>        Delen\n<\/p>\n<p>\n        Lees verder onder de advertentie    <\/p>\n<p>        <script async src=\"\/\/www.instagram.com\/embed.js\"><\/script><\/p>\n","protected":false},"excerpt":{"rendered":"Beeld: Instagram In de Vlaamse podcast Peter Van de Veire &amp; De Zandloper deelt Klaasje Meijer (30) openhartig&hellip;\n","protected":false},"author":2,"featured_media":88358,"comment_status":"","ping_status":"","sticky":false,"template":"","format":"standard","meta":{"footnotes":""},"categories":[25],"tags":[99,48,98,46,47,49,45,50],"class_list":{"0":"post-88357","1":"post","2":"type-post","3":"status-publish","4":"format-standard","5":"has-post-thumbnail","7":"category-amusement","8":"tag-amusement","9":"tag-dutch","10":"tag-entertainment","11":"tag-nederland","12":"tag-nederlanden","13":"tag-nederlands","14":"tag-netherlands","15":"tag-nl"},"share_on_mastodon":{"url":"https:\/\/pubeurope.com\/@nl\/115743012157529201","error":""},"_links":{"self":[{"href":"https:\/\/www.europesays.com\/nl\/wp-json\/wp\/v2\/posts\/88357","targetHints":{"allow":["GET"]}}],"collection":[{"href":"https:\/\/www.europesays.com\/nl\/wp-json\/wp\/v2\/posts"}],"about":[{"href":"https:\/\/www.europesays.com\/nl\/wp-json\/wp\/v2\/types\/post"}],"author":[{"embeddable":true,"href":"https:\/\/www.europesays.com\/nl\/wp-json\/wp\/v2\/users\/2"}],"replies":[{"embeddable":true,"href":"https:\/\/www.europesays.com\/nl\/wp-json\/wp\/v2\/comments?post=88357"}],"version-history":[{"count":0,"href":"https:\/\/www.europesays.com\/nl\/wp-json\/wp\/v2\/posts\/88357\/revisions"}],"wp:featuredmedia":[{"embeddable":true,"href":"https:\/\/www.europesays.com\/nl\/wp-json\/wp\/v2\/media\/88358"}],"wp:attachment":[{"href":"https:\/\/www.europesays.com\/nl\/wp-json\/wp\/v2\/media?parent=88357"}],"wp:term":[{"taxonomy":"category","embeddable":true,"href":"https:\/\/www.europesays.com\/nl\/wp-json\/wp\/v2\/categories?post=88357"},{"taxonomy":"post_tag","embeddable":true,"href":"https:\/\/www.europesays.com\/nl\/wp-json\/wp\/v2\/tags?post=88357"}],"curies":[{"name":"wp","href":"https:\/\/api.w.org\/{rel}","templated":true}]}}