{"id":88542,"date":"2025-12-19T06:46:38","date_gmt":"2025-12-19T06:46:38","guid":{"rendered":"https:\/\/www.europesays.com\/nl\/88542\/"},"modified":"2025-12-19T06:46:38","modified_gmt":"2025-12-19T06:46:38","slug":"wat-brengt-de-afrika-cup-2025","status":"publish","type":"post","link":"https:\/\/www.europesays.com\/nl\/88542\/","title":{"rendered":"wat brengt de Afrika Cup 2025?"},"content":{"rendered":"<p><img alt=\"\" decoding=\"async\" loading=\"eager\" src=\"https:\/\/www.europesays.com\/nl\/wp-content\/uploads\/2025\/12\/1766126792_826_1024x576a.jpg\" class=\"sc-bcb3b750-1 cULYcE\"\/>GettyFans van Senegal tijdens een duel met Brazili\u00eb<\/p>\n<p>NOS Voetbal\u2022vandaag, 06:10<\/p>\n<p class=\"sc-2ea02837-0 fedhGB\" id=\"653803612627448\">Selecties vol (in Nederland geboren) talent, volop sfeer op de tribunes en spannende voetbalverhalen. De Afrika Cup, een van de grootste internationale voetbaltoernooien, begint aankomende zondag in Marokko aan de 35ste editie.<\/p>\n<p class=\"sc-2ea02837-0 fedhGB\" id=\"717759876000443\">Het thuisland heeft een ijzersterke selectie samengesteld en is met sterren als Achraf Hakimi, Noussair Mazraoui en Brahim Diaz de titelfavoriet. Over de druk en de kansen van Marokko plaatsen we zondag een uitgebreid artikel.<\/p>\n<p class=\"sc-2ea02837-0 fedhGB\" id=\"772245744856930\">Maar er is veel meer te vertellen over de Afrika Cup met de meeste deelnemende landen ooit.<\/p>\n<p>Welk land is de grootste uitdager van Marokko?<\/p>\n<p class=\"sc-2ea02837-0 fedhGB\" id=\"770449877623244\">Dat moet toch Senegal zijn, dat zich laatst ook simpel plaatste voor het WK. De Leeuwen van Teranga hebben een nieuwe bondscoach, Pape Thiaw (vervanger van de bekende Aliou Ciss\u00e9), en een uitgebalanceerde selectie.<\/p>\n<p><img alt=\"\" decoding=\"async\" loading=\"lazy\" src=\"https:\/\/www.europesays.com\/nl\/wp-content\/uploads\/2025\/12\/1766126794_815_1024x576a.jpg\" class=\"sc-bcb3b750-1 cULYcE\"\/>ANPHet Senegalese elftal won onlangs vriendschappelijk van Engeland<\/p>\n<p class=\"sc-2ea02837-0 fedhGB\" id=\"41509267524502\">In die selectie zitten een paar oude rotten, die het geraamte van de ploeg vormen. Sadio Man\u00e9 (oud-Liverpool) is nog altijd de grote leider van het team.<\/p>\n<p class=\"sc-2ea02837-0 fedhGB\" id=\"314801385897814\">Ook Kalidou Koulibaly (oud-Napoli) en \u00c9douard Mendy (oud-Chelsea) zijn nog steeds belangrijk.<\/p>\n<p>El Ahmadi: &#8216;Grote landen gaan domineren&#8217;<\/p>\n<p class=\"sc-2ea02837-0 fedhGB sc-7b5c2765-1 fybOMJ\">Marokko, Senegal, Nigeria, Egypte en Ivoorkust: die landen gaan volgens Karim El Ahmadi strijden om de winst van deze Afrika Cup.<\/p>\n<p class=\"sc-2ea02837-0 fedhGB sc-7b5c2765-1 fybOMJ\">&#8220;Dat zijn de landen met de grootste spelers, die in topcompetities actief zijn&#8221;, zegt de voormalig international van Marokko. &#8220;In eerdere Afrika Cups waren de faciliteiten beroerd en zakten de &#8216;Europese&#8217; spelers door het ijs.&#8221;<\/p>\n<p class=\"sc-2ea02837-0 fedhGB sc-7b5c2765-1 fybOMJ\">&#8220;Dat heb ik zelf ervaren toen het toernooi in Gabon werd gehouden. Dan komen de landen met lokale spelers naar boven drijven. Maar in Marokko zijn de faciliteiten gewoon top, dus daarom denk ik dat de landen met de grootste sterren nu ook daadwerkelijk het sterkst zijn.&#8221;<\/p>\n<p class=\"sc-2ea02837-0 fedhGB\" id=\"287564093744464\">Maar Senegal heeft meer mooie voetballers in het team. Iliman Ndiaye bijvoorbeeld, die bij Everton furore maakt met zijn snelheid en creativiteit. Of Nicolas Jackson, de handige en lepe spits van Bayern M\u00fcnchen, die er wel om bekendstaat zo nu en dan een reuzekans te missen.<\/p>\n<p class=\"sc-2ea02837-0 fedhGB\" id=\"112718608864342\">En dan zitten er met Pape Matar Sarr (Tottenham Hotspur) en de nog maar 17-jarige Ibrahim Mbaye (PSG) ook nog twee echte toptalenten bij de groep.<\/p>\n<p>Voetbal in oorlogstijd<\/p>\n<p class=\"sc-2ea02837-0 fedhGB\" id=\"358236253779077\">Een van de bijzonderste verhalen op deze Afrika Cup is die achter het succesvolle elftal van Sudan. Dat land verkeert in een vreselijke oorlog. Het nationale elftal biedt een (onverwacht) lichtpuntje in duistere tijden.<\/p>\n<p class=\"sc-2ea02837-0 fedhGB\" id=\"244000034263617\">Het Sudanese elftal is door al het geweld behoorlijk ontheemd geraakt. De bond verhuisde van Khartoem naar de kuststad Port Sudan en het nationale team ging zijn wedstrijden in buurland Libi\u00eb spelen. De competitie werd helemaal stilgelegd.<\/p>\n<p><img alt=\"\" decoding=\"async\" loading=\"lazy\" src=\"https:\/\/www.europesays.com\/nl\/wp-content\/uploads\/2025\/12\/1766126796_851_1024x576a.jpg\" class=\"sc-bcb3b750-1 cULYcE\"\/>ANPMustafa Karshoum duelleert met Sadio Man\u00e9 van Senegal<\/p>\n<p class=\"sc-2ea02837-0 fedhGB\" id=\"676084998570626\">Maar om al die problemen werd knap heen gewerkt. De grootste clubs van het land werden opgenomen in de voetbalcompetitie van Mauritani\u00eb en nu in Rwanda. Een van die ploegen, Al Hilal, plaatste zich ver van eigen grond zelfs voor de Afrikaanse Champions League.<\/p>\n<p class=\"sc-2ea02837-0 fedhGB\" id=\"639707160480499\">En die wedstrijden van het nationale elftal van Sudan in Libi\u00eb werden gewoon een voetbalfeest. Mensen uit de Sudanese diaspora zaten massaal op de tribunes in Tripoli. Bijna werd zelfs het WK gehaald.<\/p>\n<p class=\"sc-2ea02837-0 fedhGB\" id=\"215077069528860\">Badran Albatal van de voetbalbond vatte het bij het medium OkayAfrica samen. &#8220;Ons voetbal is gelukt wat onze politiek niet lukte, de herrie van de oorlog onderbreken, al is het maar voor negentig minuten.&#8221;<\/p>\n<p>Slapende reuzen<\/p>\n<p class=\"sc-2ea02837-0 fedhGB\" id=\"695112904928185\">Namens Afrika gaan Marokko, Ivoorkust, Egypte, Zuid-Afrika, Tunesi\u00eb, Algerije, Ghana, Senegal, Kaapverdi\u00eb en mogelijk Congo naar het WK van komende zomer. Twee traditionele toplanden ontbreken in dit lijstje: Kameroen en Nigeria. Op de Afrika Cup azen zij op revanche.<\/p>\n<p>De grote namen en eredivisiespelers op de Afrika Cup<\/p>\n<p class=\"sc-2ea02837-0 fedhGB sc-7b5c2765-1 fybOMJ\">De tien spelers met de hoogste marktwaarde (volgens transfermarkt.com) die op deze Afrika Cup in actie komen:<\/p>\n<p class=\"sc-2ea02837-0 fedhGB sc-7b5c2765-1 fybOMJ\">Achraf Hakimi (Marokko, PSG), Bryan Mbeumo (Kameroen, Manchester United) Victor Osimhen (Nigeria, Galatasasray), Omar Marmoush (Egypte, Manchester City), Carlos Baleba (Kameroen, Brighton), Nicolas Jackson (Senegal, Bayern M\u00fcnchen), Amad Diallo (Ivoorkust, Manchester United), Iliman Ndiaye (Senegal, Everton), Ousmane Diomande (Ivoorkust, Sporting) en Ademola Lookman (Nigeria, Atalanta).<\/p>\n<p class=\"sc-2ea02837-0 fedhGB sc-7b5c2765-1 fybOMJ\">De spelers die momenteel bij een eredivisieclub spelen:<\/p>\n<p class=\"sc-2ea02837-0 fedhGB sc-7b5c2765-1 fybOMJ\">Anis Hadj Moussa (Algerije, Feyenoord), Ramiz Zerrouki (Algerije, FC Twente), Adamo Nagalo (Burkina Faso, PSV), Sa\u00efd Bakari (Comoren, Sparta), S\u00e9bastien Haller (FC Utrecht, Ivoorkust), Gaoussou Diarra (Mali, Feyenoord), Oussama Targhalline (Marokko, Feyenoord), Anass Salah-Eddine (Marokko, PSV) en Ismael Saibari (Marokko, PSV).<\/p>\n<p class=\"sc-2ea02837-0 fedhGB\" id=\"834869448705425\">Maar dat zal knap lastig worden, vooral voor Kameroen. Het langlopende conflict tussen oud-topvoetballer Samuel Eto&#8217;o (nu bondsvoorzitter) en de bondscoach Marc Brys kreeg onlangs weer een nieuw hoofdstuk.<\/p>\n<p class=\"sc-2ea02837-0 fedhGB\" id=\"518221823541700\">De bond publiceerde de Afrika Cup-selectie, maar bij &#8216;bondscoach&#8217; stond niet de naam van Marc Brys, maar die van David Pagou. Het lijkt een nieuwe poging van Eto&#8217;o om Brys weg te pesten. Wie er nou echt voor de groep staat straks, blijft onduidelijk.<\/p>\n<p><img alt=\"\" decoding=\"async\" loading=\"lazy\" src=\"https:\/\/www.europesays.com\/nl\/wp-content\/uploads\/2025\/12\/1766126798_147_1024x576a.jpg\" class=\"sc-bcb3b750-1 cULYcE\"\/>ANPMarc Brys namens Kameroen<\/p>\n<p class=\"sc-2ea02837-0 fedhGB\" id=\"614686805883915\">Bij Nigeria is het stukken rustiger, maar het mislopen van het WK heeft er keihard ingehakt. De &#8216;Super Eagles&#8217; werden verslagen door Congo en dat werd bepaald niet gewaardeerd.<\/p>\n<p class=\"sc-2ea02837-0 fedhGB\" id=\"636872477783738\">Toch heeft Nigeria wel een erg sterke selectie, met superster Victor Osimhen als grootste naam.<\/p>\n<p>Een WK-tegenstander van Oranje<\/p>\n<p class=\"sc-2ea02837-0 fedhGB\" id=\"929833167945764\">Vanuit Nederlands perspectief is het niet alleen leuk dat er een hoop eredivisiespelers op de Afrika Cup meedoen. Het is ook opletten geblazen als Tunesi\u00eb speelt, want Oranje komt dat land tegen op het WK.<\/p>\n<p class=\"sc-2ea02837-0 fedhGB\" id=\"65111561019799\">Tunesi\u00eb plaatste zich zonder ook maar \u00e9\u00e9n goal tegen te krijgen voor het WK. Dat past bij de reputatie van het land, die om hun verdedigende spel weleens de &#8216;Italianen van Afrika&#8217; worden genoemd.<\/p>\n<p class=\"sc-2ea02837-0 fedhGB\" id=\"249741882692941\">Maar de huidige bondscoach Sami Trabelsi heeft de ploeg gemoderniseerd. Niet langer lopen de Tunesi\u00ebrs voortdurend naar achteren. Onder Trabelsi wordt er ook aangevallen.<\/p>\n<p class=\"sc-2ea02837-0 fedhGB\" id=\"607590759549949\">De Afrika Cup begint komende zondag met de wedstrijd tussen Marokko en de Comoren. <\/p>\n","protected":false},"excerpt":{"rendered":"GettyFans van Senegal tijdens een duel met Brazili\u00eb NOS Voetbal\u2022vandaag, 06:10 Selecties vol (in Nederland geboren) talent, volop&hellip;\n","protected":false},"author":2,"featured_media":88543,"comment_status":"","ping_status":"","sticky":false,"template":"","format":"standard","meta":{"footnotes":""},"categories":[21],"tags":[48,46,47,49,45,50,92,91,167],"class_list":{"0":"post-88542","1":"post","2":"type-post","3":"status-publish","4":"format-standard","5":"has-post-thumbnail","7":"category-sport","8":"tag-dutch","9":"tag-nederland","10":"tag-nederlanden","11":"tag-nederlands","12":"tag-netherlands","13":"tag-nl","14":"tag-sport","15":"tag-sports","16":"tag-voetbal"},"share_on_mastodon":{"url":"https:\/\/pubeurope.com\/@nl\/115744892150793358","error":""},"_links":{"self":[{"href":"https:\/\/www.europesays.com\/nl\/wp-json\/wp\/v2\/posts\/88542","targetHints":{"allow":["GET"]}}],"collection":[{"href":"https:\/\/www.europesays.com\/nl\/wp-json\/wp\/v2\/posts"}],"about":[{"href":"https:\/\/www.europesays.com\/nl\/wp-json\/wp\/v2\/types\/post"}],"author":[{"embeddable":true,"href":"https:\/\/www.europesays.com\/nl\/wp-json\/wp\/v2\/users\/2"}],"replies":[{"embeddable":true,"href":"https:\/\/www.europesays.com\/nl\/wp-json\/wp\/v2\/comments?post=88542"}],"version-history":[{"count":0,"href":"https:\/\/www.europesays.com\/nl\/wp-json\/wp\/v2\/posts\/88542\/revisions"}],"wp:featuredmedia":[{"embeddable":true,"href":"https:\/\/www.europesays.com\/nl\/wp-json\/wp\/v2\/media\/88543"}],"wp:attachment":[{"href":"https:\/\/www.europesays.com\/nl\/wp-json\/wp\/v2\/media?parent=88542"}],"wp:term":[{"taxonomy":"category","embeddable":true,"href":"https:\/\/www.europesays.com\/nl\/wp-json\/wp\/v2\/categories?post=88542"},{"taxonomy":"post_tag","embeddable":true,"href":"https:\/\/www.europesays.com\/nl\/wp-json\/wp\/v2\/tags?post=88542"}],"curies":[{"name":"wp","href":"https:\/\/api.w.org\/{rel}","templated":true}]}}