{"id":88662,"date":"2025-12-19T09:17:09","date_gmt":"2025-12-19T09:17:09","guid":{"rendered":"https:\/\/www.europesays.com\/nl\/88662\/"},"modified":"2025-12-19T09:17:09","modified_gmt":"2025-12-19T09:17:09","slug":"een-van-slechtste-shows-ooit","status":"publish","type":"post","link":"https:\/\/www.europesays.com\/nl\/88662\/","title":{"rendered":"&#8216;E\u00e9n van slechtste shows \u00f3\u00f3it&#8217;"},"content":{"rendered":"<p>Victor Vlam, kenner van Vandaag Inside, is h\u00e9\u00e9l streng voor de mannen van de talkshow op SBS 6. Hij vindt dat de uitzending van gisteren een van de slechtste \u00f3\u00f3it is. \u201cDit is een kernramp.\u201d<\/p>\n<p>        Door onze entertainmentredactie<\/p>\n<p>        <img fetchpriority=\"high\" decoding=\"async\" width=\"1280\" height=\"720\" src=\"https:\/\/www.europesays.com\/nl\/wp-content\/uploads\/2025\/12\/0822-Victor-Vlam.jpg\" class=\"attachment-post-thumbnail size-post-thumbnail wp-post-image\" alt=\"Victor Vlam\"  \/>        \u00a9 SBS    <\/p>\n<p>De 41-jarige Victor Vlam geeft de mannen van Vandaag Inside een z\u00e9\u00e9r ferme tik op de vingers. De tv-criticus, die al geruime tijd niet meer uitgenodigd is in het programma, vindt dat Wilfred Genee, Ren\u00e9 van der Gijp en Johan Derksen gefaald hebben met de uitzending van gisteren. Hij zat thuis op de bank en kon zijn ogen niet geloven.<\/p>\n<p>Kernramp<\/p>\n<p>Het was gewoon \u00e9cht verschrikkelijk, schrijft Victor op <a href=\"https:\/\/x.com\/VictorVlam\/status\/2001763692028059955\" rel=\"nofollow\">X<\/a>. \u201cVlak voor de winterstop heeft Vandaag Inside een van de slechtste uitzendingen ooit. Laag energieniveau. Saai. Slechte line-up: Arend-Jan Boekestijn en Renske Leijten zijn te veel dezelfde types). Dit is een kernramp van a tot z.\u201d<\/p>\n<p>Hij vervolgt: \u201cTot overmaat van ramp was er een ongemakkelijk moment toen Renske Leijten bloedserieus in de veronderstelling verkeerde dat Raymond een Trump-fan is (in plaats van een journalistiek duider). Misschien moet ze eens naar het programma kijken.\u201d<\/p>\n<p>Klein conflict<\/p>\n<p>Er werd in VI kort geschakeld met Amerikakenner Raymond Mens, die door critici wordt verweten het gedrag van Donald Trump te veel te vergoelijken. Zelf stelt hij neutraal verslag te doen en de keuze aan de kijker over te laten. Renske dacht echter dat algemeen bekend is dat Raymond pro-Trump is en sprak hem dan ook zo aan.<\/p>\n<p>Victor vindt dat Renske daarmee te ver ging. \u201cOverdrijf je niet een beetje nu Victor? Er zijn ergere dingen\u201d, zegt journalist Ton F. van Dijk in reactie op de berichten van Victor.<\/p>\n<p>Niet letterlijk<\/p>\n<p>Nee, zegt Victor. Hij vindt dat het \u00e9cht heel slechte tv was. \u201cHet was echt zo erg.\u201d<\/p>\n<p>Ton: \u201cEen kernramp?\u201d<\/p>\n<p>Victor: \u201cNiet alle communicatie is letterlijk, Ton.\u201d<\/p>\n<p>Ton tot slot: \u201cNee dan was je nu live op CNN \ud83d\ude02.\u201d<\/p>\n","protected":false},"excerpt":{"rendered":"Victor Vlam, kenner van Vandaag Inside, is h\u00e9\u00e9l streng voor de mannen van de talkshow op SBS 6.&hellip;\n","protected":false},"author":2,"featured_media":88663,"comment_status":"","ping_status":"","sticky":false,"template":"","format":"standard","meta":{"footnotes":""},"categories":[28],"tags":[99,48,98,46,47,49,45,50,124,285,129],"class_list":{"0":"post-88662","1":"post","2":"type-post","3":"status-publish","4":"format-standard","5":"has-post-thumbnail","7":"category-tv","8":"tag-amusement","9":"tag-dutch","10":"tag-entertainment","11":"tag-nederland","12":"tag-nederlanden","13":"tag-nederlands","14":"tag-netherlands","15":"tag-nl","16":"tag-tv","17":"tag-vandaag-inside","18":"tag-victor-vlam"},"share_on_mastodon":{"url":"https:\/\/pubeurope.com\/@nl\/115745485269280268","error":""},"_links":{"self":[{"href":"https:\/\/www.europesays.com\/nl\/wp-json\/wp\/v2\/posts\/88662","targetHints":{"allow":["GET"]}}],"collection":[{"href":"https:\/\/www.europesays.com\/nl\/wp-json\/wp\/v2\/posts"}],"about":[{"href":"https:\/\/www.europesays.com\/nl\/wp-json\/wp\/v2\/types\/post"}],"author":[{"embeddable":true,"href":"https:\/\/www.europesays.com\/nl\/wp-json\/wp\/v2\/users\/2"}],"replies":[{"embeddable":true,"href":"https:\/\/www.europesays.com\/nl\/wp-json\/wp\/v2\/comments?post=88662"}],"version-history":[{"count":0,"href":"https:\/\/www.europesays.com\/nl\/wp-json\/wp\/v2\/posts\/88662\/revisions"}],"wp:featuredmedia":[{"embeddable":true,"href":"https:\/\/www.europesays.com\/nl\/wp-json\/wp\/v2\/media\/88663"}],"wp:attachment":[{"href":"https:\/\/www.europesays.com\/nl\/wp-json\/wp\/v2\/media?parent=88662"}],"wp:term":[{"taxonomy":"category","embeddable":true,"href":"https:\/\/www.europesays.com\/nl\/wp-json\/wp\/v2\/categories?post=88662"},{"taxonomy":"post_tag","embeddable":true,"href":"https:\/\/www.europesays.com\/nl\/wp-json\/wp\/v2\/tags?post=88662"}],"curies":[{"name":"wp","href":"https:\/\/api.w.org\/{rel}","templated":true}]}}