{"id":88811,"date":"2025-12-19T13:08:09","date_gmt":"2025-12-19T13:08:09","guid":{"rendered":"https:\/\/www.europesays.com\/nl\/88811\/"},"modified":"2025-12-19T13:08:09","modified_gmt":"2025-12-19T13:08:09","slug":"talpa-wil-verder-met-meilandjes-wat-antwoordt-de-realityfamilie","status":"publish","type":"post","link":"https:\/\/www.europesays.com\/nl\/88811\/","title":{"rendered":"Talpa wil verder met Meilandjes: wat antwoordt de realityfamilie?"},"content":{"rendered":"<p>Talpa wil na het stoppen van Chateau Meiland graag verder met de Meilandjes, maar hoe staat de realityfamilie daar zelf in? Wat willen ze wel en wat willen ze niet? \u201cIn elk geval geen reality meer.\u201d<\/p>\n<p>        Door onze entertainmentredactie<\/p>\n<p>        <img fetchpriority=\"high\" decoding=\"async\" width=\"1280\" height=\"720\" src=\"https:\/\/www.europesays.com\/nl\/wp-content\/uploads\/2025\/12\/1219-Meilandjes.jpg\" class=\"attachment-post-thumbnail size-post-thumbnail wp-post-image\" alt=\"Meilandjes\"  \/>        \u00a9 SBS    <\/p>\n<p>Na de kerstspecial is het over en uit voor Chateau Meiland. Er komt een einde aan de kijkcijferhit, maar de Meilandjes hebben de tv-deur niet dichtgeslagen. En ook Talpa wil heel graag door met Martien Meiland en zijn familie. \u201cWe laten het op ons afkomen. We hebben al wat aanbiedingen gehad, maar die hebben we afgeslagen\u201d, zegt Erica in het <a href=\"https:\/\/www.ad.nl\/show\/erica-en-martien-meiland-wonen-met-dochter-maxime-in-familievilla-maar-wil-niet-dat-claire-ineens-voor-mijn-neus-staat~a05d5f05\/\" rel=\"nofollow noopener\" target=\"_blank\">AD<\/a>.<\/p>\n<p>Talpa wil door<\/p>\n<p>Erica stelt dat Talpa serieuze interesse heeft in voortzetting van de samenwerking. \u201cTalpa zou graag nog iets met ons willen, en we hebben gezegd dat we over alles willen nadenken, maar geen reality. Het is nu eindelijk tijd om helemaal niks te doen.\u201d<\/p>\n<p>\u201cOp vakantie gaan we ook nooit, want in het buitenland zijn we \u00f3\u00f3k aan het werk. We willen tot rust komen. De idee\u00ebn die vroeger opborrelden, die zijn nu doodgeslagen. Het moet vrij in de kop worden.\u201d<\/p>\n<p>Goede kijkcijfers<\/p>\n<p>Veel mensen vinden het gek dat de Meilandjes ervoor kiezen om die tv-tonnen te laten schieten. Maar reality k\u00e1n niet meer, zegt Martien. \u201cNu is het een saai gebeuren. Als we gasten hebben in het pension (\u2026) ga ik om half 6 uit bed, dan ben ik het \u2019s middags alweer helemaal zat. Ga ik even liggen. Nou ja, wat moet je dan nog voor reality maken?\u201d<\/p>\n<p>Erica besluit: \u201cWe hebben ook nog steeds goede kijkcijfers. Je moet niet wachten tot het naar beneden gaat. We zaten elke keer boven het miljoen. Maar qua reality is het boek nu echt dicht.\u201d<\/p>\n","protected":false},"excerpt":{"rendered":"Talpa wil na het stoppen van Chateau Meiland graag verder met de Meilandjes, maar hoe staat de realityfamilie&hellip;\n","protected":false},"author":2,"featured_media":88812,"comment_status":"","ping_status":"","sticky":false,"template":"","format":"standard","meta":{"footnotes":""},"categories":[28],"tags":[99,48,98,5050,7132,46,47,49,45,50,124],"class_list":{"0":"post-88811","1":"post","2":"type-post","3":"status-publish","4":"format-standard","5":"has-post-thumbnail","7":"category-tv","8":"tag-amusement","9":"tag-dutch","10":"tag-entertainment","11":"tag-erica-meiland","12":"tag-meilandjes","13":"tag-nederland","14":"tag-nederlanden","15":"tag-nederlands","16":"tag-netherlands","17":"tag-nl","18":"tag-tv"},"share_on_mastodon":{"url":"https:\/\/pubeurope.com\/@nl\/115746393618416553","error":""},"_links":{"self":[{"href":"https:\/\/www.europesays.com\/nl\/wp-json\/wp\/v2\/posts\/88811","targetHints":{"allow":["GET"]}}],"collection":[{"href":"https:\/\/www.europesays.com\/nl\/wp-json\/wp\/v2\/posts"}],"about":[{"href":"https:\/\/www.europesays.com\/nl\/wp-json\/wp\/v2\/types\/post"}],"author":[{"embeddable":true,"href":"https:\/\/www.europesays.com\/nl\/wp-json\/wp\/v2\/users\/2"}],"replies":[{"embeddable":true,"href":"https:\/\/www.europesays.com\/nl\/wp-json\/wp\/v2\/comments?post=88811"}],"version-history":[{"count":0,"href":"https:\/\/www.europesays.com\/nl\/wp-json\/wp\/v2\/posts\/88811\/revisions"}],"wp:featuredmedia":[{"embeddable":true,"href":"https:\/\/www.europesays.com\/nl\/wp-json\/wp\/v2\/media\/88812"}],"wp:attachment":[{"href":"https:\/\/www.europesays.com\/nl\/wp-json\/wp\/v2\/media?parent=88811"}],"wp:term":[{"taxonomy":"category","embeddable":true,"href":"https:\/\/www.europesays.com\/nl\/wp-json\/wp\/v2\/categories?post=88811"},{"taxonomy":"post_tag","embeddable":true,"href":"https:\/\/www.europesays.com\/nl\/wp-json\/wp\/v2\/tags?post=88811"}],"curies":[{"name":"wp","href":"https:\/\/api.w.org\/{rel}","templated":true}]}}