{"id":88900,"date":"2025-12-19T14:29:10","date_gmt":"2025-12-19T14:29:10","guid":{"rendered":"https:\/\/www.europesays.com\/nl\/88900\/"},"modified":"2025-12-19T14:29:10","modified_gmt":"2025-12-19T14:29:10","slug":"mooi-excuus-voor-rtl-tonight-exit","status":"publish","type":"post","link":"https:\/\/www.europesays.com\/nl\/88900\/","title":{"rendered":"mooi excuus voor RTL Tonight-exit?"},"content":{"rendered":"<p>Albert Verlinde wordt over vier maanden 65 jaar oud en hij heeft altijd gezegd dat hij dan gaat stoppen met werken. Gaat hij dat nu gebruiken voor een eervolle aftocht bij RTL Tonight?<\/p>\n<p>        Door onze entertainmentredactie<\/p>\n<p>        <img fetchpriority=\"high\" decoding=\"async\" width=\"1280\" height=\"720\" src=\"https:\/\/www.europesays.com\/nl\/wp-content\/uploads\/2025\/12\/0910-Albert-Verlinde.jpg\" class=\"attachment-post-thumbnail size-post-thumbnail wp-post-image\" alt=\"Albert Verlinde\"  \/>        \u00a9 RTL    <\/p>\n<p>Vandaag Inside leek een prima strik om de tv-carri\u00e8re van Albert Verlinde: nog \u00e9\u00e9n keer deelnemen aan een grote kijkcijferhit voordat hij de handdoek in de ring zou gooien. Toch koos hij dit jaar voor een mislukte overstap naar RTL Tonight. Het kan bijna niet anders dan dat hij daar weer onderuit wil: grijpt hij zijn 65ste verjaardag aan?<\/p>\n<p>Albert gaat door<\/p>\n<p>Albert heeft immers altijd gezegd dat hij op die leeftijd zou stoppen met werken. Daar is hij echter op teruggekomen, vertelt hij in de nieuwste <a href=\"https:\/\/www.story.nl\/\" rel=\"nofollow noopener\" target=\"_blank\">Story<\/a>. \u201cIk heb besloten om toch door te gaan. Ik zal niet tot mijn 80\u00b0 werken, maar zolang er iets leuks op mijn pad komt, denk ik: waarom niet? Nu is dat weer met de musical We Will Rock You.\u201d<\/p>\n<p>Zijn man Onno Heus steunt hem hierin, zegt hij. Zoals dat omgekeerd ook zo is. \u201cTot eind januari is hij nog burgemeester van Tilburg, een functie waarvoor hij 24\/7 beschikbaar moet zijn. Ook met de feestdagen. Dan vertoeven we samen in ons huis in Brabant, zodat Onno snel in Tilburg kan zijn, indien nodig.\u201d<\/p>\n<p>Groot feest<\/p>\n<p>Nu wonen de twee nog apart in hun gezamenlijke huizen: Albert in Amsterdam, Onno in Cromvoirt. \u201cGeen probleem voor ons, maar het is ook fijn dat we straks weer elke dag samen wakker worden.\u201d<\/p>\n<p>En dan weet Albert tenminste ook zeker dat er geen toyboy op zijn kussen ligt. Hoe staat het inmiddels eigenlijk met hun liefdesgeluk? Ze zijn volgend jaar juni precies 25 jaar getrouwd. \u201cDan geven we een groot feest. Niet alleen vanwege ons zilveren huwelijk, maar we worden ook allebei 65. Ook gaan we samen een mooie reis maken.\u201d<\/p>\n<p>Huwelijksreis<\/p>\n<p>Wat voor een reis? \u201cEen soort tweede huwelijksreis\u201d, zegt Albert. \u201cDe eerste keer hebben we onze geloftes al afgelegd, en we hebben elkaar in de afgelopen tientallen jaren al genoeg bewezen dat we van elkaar houden en in elkaar geloven. Elke dag zijn we weer blij met elkaar.\u201d<\/p>\n<p>En dat terwijl in 2014, na de toyboy-rel, hun scheiding werd aangekondigd. \u201cDie scheiding is er nooit gekomen. We zijn een half jaar uit elkaar geweest, en die periode bleek voldoende om elkaar weer terug te vinden. Ons huwelijksgeheim is, denk ik, dat we elkaar alles gunnen. We beperken elkaar niet.\u201d<\/p>\n","protected":false},"excerpt":{"rendered":"Albert Verlinde wordt over vier maanden 65 jaar oud en hij heeft altijd gezegd dat hij dan gaat&hellip;\n","protected":false},"author":2,"featured_media":88901,"comment_status":"","ping_status":"","sticky":false,"template":"","format":"standard","meta":{"footnotes":""},"categories":[31],"tags":[263,99,147,48,98,46,47,49,45,50,920],"class_list":{"0":"post-88900","1":"post","2":"type-post","3":"status-publish","4":"format-standard","5":"has-post-thumbnail","7":"category-celebrities","8":"tag-albert-verlinde","9":"tag-amusement","10":"tag-celebrities","11":"tag-dutch","12":"tag-entertainment","13":"tag-nederland","14":"tag-nederlanden","15":"tag-nederlands","16":"tag-netherlands","17":"tag-nl","18":"tag-rtl-tonight"},"share_on_mastodon":{"url":"https:\/\/pubeurope.com\/@nl\/115746712054227516","error":""},"_links":{"self":[{"href":"https:\/\/www.europesays.com\/nl\/wp-json\/wp\/v2\/posts\/88900","targetHints":{"allow":["GET"]}}],"collection":[{"href":"https:\/\/www.europesays.com\/nl\/wp-json\/wp\/v2\/posts"}],"about":[{"href":"https:\/\/www.europesays.com\/nl\/wp-json\/wp\/v2\/types\/post"}],"author":[{"embeddable":true,"href":"https:\/\/www.europesays.com\/nl\/wp-json\/wp\/v2\/users\/2"}],"replies":[{"embeddable":true,"href":"https:\/\/www.europesays.com\/nl\/wp-json\/wp\/v2\/comments?post=88900"}],"version-history":[{"count":0,"href":"https:\/\/www.europesays.com\/nl\/wp-json\/wp\/v2\/posts\/88900\/revisions"}],"wp:featuredmedia":[{"embeddable":true,"href":"https:\/\/www.europesays.com\/nl\/wp-json\/wp\/v2\/media\/88901"}],"wp:attachment":[{"href":"https:\/\/www.europesays.com\/nl\/wp-json\/wp\/v2\/media?parent=88900"}],"wp:term":[{"taxonomy":"category","embeddable":true,"href":"https:\/\/www.europesays.com\/nl\/wp-json\/wp\/v2\/categories?post=88900"},{"taxonomy":"post_tag","embeddable":true,"href":"https:\/\/www.europesays.com\/nl\/wp-json\/wp\/v2\/tags?post=88900"}],"curies":[{"name":"wp","href":"https:\/\/api.w.org\/{rel}","templated":true}]}}