{"id":89432,"date":"2025-12-20T01:27:27","date_gmt":"2025-12-20T01:27:27","guid":{"rendered":"https:\/\/www.europesays.com\/nl\/89432\/"},"modified":"2025-12-20T01:27:27","modified_gmt":"2025-12-20T01:27:27","slug":"telstar-treft-directe-concurrent-nac-in-kolkend-breda-wij-buigen-voor-niemand","status":"publish","type":"post","link":"https:\/\/www.europesays.com\/nl\/89432\/","title":{"rendered":"Telstar treft directe concurrent NAC in kolkend Breda: &#8220;Wij buigen voor niemand&#8221;"},"content":{"rendered":"<p>Telstar is momenteel de hekkensluiter in de eredivisie en NAC staat \u00e9\u00e9n plek hoger. Het gat tussen beide ploegen is slechts \u00e9\u00e9n punt. &#8220;Het is voor allebei aanhaken op dit moment&#8221;, zegt Bakker.<\/p>\n<p>Avondje NAC<\/p>\n<p>&#8220;Het coachen gaat gewoon heel moeilijk daar&#8221;, zegt Bakker. De verdediger van Telstar weet dat uit ervaring, want hij speelde twee seizoenen in Breda. Tussen 2021 en 2023 droeg hij het shirt van NAC. &#8220;Ik noem het altijd een beetje een mini-Kuip. Ik heb altijd zo genoten als speler van het lawaai dat ze maken.&#8221;<\/p>\n","protected":false},"excerpt":{"rendered":"Telstar is momenteel de hekkensluiter in de eredivisie en NAC staat \u00e9\u00e9n plek hoger. Het gat tussen beide&hellip;\n","protected":false},"author":2,"featured_media":89433,"comment_status":"","ping_status":"","sticky":false,"template":"","format":"standard","meta":{"footnotes":""},"categories":[21],"tags":[48,46,47,49,45,50,92,91],"class_list":{"0":"post-89432","1":"post","2":"type-post","3":"status-publish","4":"format-standard","5":"has-post-thumbnail","7":"category-sport","8":"tag-dutch","9":"tag-nederland","10":"tag-nederlanden","11":"tag-nederlands","12":"tag-netherlands","13":"tag-nl","14":"tag-sport","15":"tag-sports"},"share_on_mastodon":{"url":"https:\/\/pubeurope.com\/@nl\/115749299348022996","error":""},"_links":{"self":[{"href":"https:\/\/www.europesays.com\/nl\/wp-json\/wp\/v2\/posts\/89432","targetHints":{"allow":["GET"]}}],"collection":[{"href":"https:\/\/www.europesays.com\/nl\/wp-json\/wp\/v2\/posts"}],"about":[{"href":"https:\/\/www.europesays.com\/nl\/wp-json\/wp\/v2\/types\/post"}],"author":[{"embeddable":true,"href":"https:\/\/www.europesays.com\/nl\/wp-json\/wp\/v2\/users\/2"}],"replies":[{"embeddable":true,"href":"https:\/\/www.europesays.com\/nl\/wp-json\/wp\/v2\/comments?post=89432"}],"version-history":[{"count":0,"href":"https:\/\/www.europesays.com\/nl\/wp-json\/wp\/v2\/posts\/89432\/revisions"}],"wp:featuredmedia":[{"embeddable":true,"href":"https:\/\/www.europesays.com\/nl\/wp-json\/wp\/v2\/media\/89433"}],"wp:attachment":[{"href":"https:\/\/www.europesays.com\/nl\/wp-json\/wp\/v2\/media?parent=89432"}],"wp:term":[{"taxonomy":"category","embeddable":true,"href":"https:\/\/www.europesays.com\/nl\/wp-json\/wp\/v2\/categories?post=89432"},{"taxonomy":"post_tag","embeddable":true,"href":"https:\/\/www.europesays.com\/nl\/wp-json\/wp\/v2\/tags?post=89432"}],"curies":[{"name":"wp","href":"https:\/\/api.w.org\/{rel}","templated":true}]}}