{"id":90121,"date":"2025-12-20T20:24:08","date_gmt":"2025-12-20T20:24:08","guid":{"rendered":"https:\/\/www.europesays.com\/nl\/90121\/"},"modified":"2025-12-20T20:24:08","modified_gmt":"2025-12-20T20:24:08","slug":"live-russische-gezant-onderweg-naar-miami-voor-gesprekken-over-vrede-in-oekraine-de-telegraaf","status":"publish","type":"post","link":"https:\/\/www.europesays.com\/nl\/90121\/","title":{"rendered":"LIVE | Russische gezant onderweg naar Miami voor gesprekken over vrede in Oekra\u00efne &#8211; De Telegraaf"},"content":{"rendered":"<ol>\n<li><a href=\"https:\/\/news.google.com\/rss\/articles\/CBMi-gFBVV95cUxQellBOUhadXVUb3AwWThwMGM4c0tCeEhyRDVZNHE4RXViT1ZvSkw0LVVnN2hJbVNNMVVEUXV4UjBpS04yVEU5VWNieWRwdkVvdno4OXFYX1N3RnRQYzFnS3lWc1FQUm4zTzQtNHl5bnBqMG5Pd3pWdlFvdVA0TGJlbVBDNTB0dFl3RUM2V0hmODVXYnRjV0lKZmR2REFmLXdQYnpnQUVBdEJ5ajVBN2I4cEJyT0RMdk42ZkdLV2NCcXNJZDM5SnpITFRxSno5cS1PODNvVG9tbHVXNEVpSFJLcjRuTUdzeGJUUU9LNDZwWFlERkxWbmhPR0ZR?oc=5\" target=\"_blank\" rel=\"nofollow noopener\">LIVE | Russische gezant onderweg naar Miami voor gesprekken over vrede in Oekra\u00efne<\/a>&nbsp;&nbsp;De Telegraaf<\/li>\n<li><a href=\"https:\/\/news.google.com\/rss\/articles\/CBMiugFBVV95cUxQdjRhSUR1NUN0VlVHUzdxNUswSnZrMFlpT1E2ZkhWSWM1Z2N2ZTRIRnR0SDFMYWxCaVhSZGR6SU5oQ3FtajhMcDgteV9mUEpIMEdhYXBLanZBZ2dScFhmbDFWYTdrMFZ2bkNGNWhGT3JOQ0htdmFMRy1FOS1NR0xUNVhMdk1DWlk1bmFpX21iVnQwcnB6OGtOSExWQXkwZDN0NnR4VEV4aWJNbDVDczd4LS1YQURBa2dYNWc?oc=5\" target=\"_blank\" rel=\"nofollow noopener\">Live Oekra\u00efne | Russische gezant landt in VS voor gesprek met Witkoff<\/a>&nbsp;&nbsp;NU<\/li>\n<li><a href=\"https:\/\/news.google.com\/rss\/articles\/CBMi4wFBVV95cUxOdVRVUE9vbnp5N2JTYVNwbDlVSlE4ZkJJZ1VidE1DNEFFSUUxNUZsM3lUWkEzWHlCbW9XQVRNaFZYR01CVmpwY3JSSGZwcVh0LVQwejl1REVJYXBLek5udW9naFpsNlNuaVRyaExZZTFYaUVTbDFmSEhwTVI0NVBUSkJRT09KblR6VS1JX2xaMXJnOFdnWWpxdVZFU2puNWc2LTdwc3N2eThEaGF4Nzk1RFNwT1ZXWFl1VFpUcWtxb1lYU1ZvRm9lcm9GSmFYUUFaSHdZWkpUOVpTNUhiX2VFVXgyRQ?oc=5\" target=\"_blank\" rel=\"nofollow noopener\">Live Oekra\u00efne: Amerikanen bepleiten directe gesprekken met zowel VS, Oekra\u00efne als Rusland, aldus Zelensky<\/a>&nbsp;&nbsp;de Volkskrant<\/li>\n<li><a href=\"https:\/\/news.google.com\/rss\/articles\/CBMi3AFBVV95cUxQX1BZU1V6cDJXTGhkR25JaXk3NzFKRENMdTFaeGNhQ3dnanBYajhDaEpxQXZucmcwWDF4UlhvdGp1V1hqVGNScnJINGlFa003WHA2dVRSak9Ed25ZTllKZ2NJSHhsZHdYOGRCSU5hRmtVaHgzNVVqVTZOcGFfY0lRM1h3TVdHa0FYRTl3LUhuQi1DdDY4VVhxMENwY3RzVlhzY3BxY3Y0Yi0tV1kwSXBzakpiTVBuTnR1RERmb3RuQ0dGZVVfbUxoX3JMMFhiQW1XNGE5MG1PMlBZbFBf?oc=5\" target=\"_blank\" rel=\"nofollow noopener\">LIVE Oorlog Oekra\u00efne | Russische gezant onderweg naar Miami voor gesprekken over be\u00ebindigen oorlog Oekra\u00efne<\/a>&nbsp;&nbsp;AD.nl<\/li>\n<li><a href=\"https:\/\/news.google.com\/rss\/articles\/CBMiuAFBVV95cUxPWl85ZTNzTlN1MXY5SnNURjhlRVNsRzkxSG1lTGF2MUdPRnZqS1FGaVI2VHoyZ3FIbUxrTjhqWk1qRHNJVDBWRW1RZEZJUEVOZzVpQzhSdjdORkNXWmVWaE1vLUhFSFRXZk9DcUt5QWpGOExmWTdLRzU3Mm10UVAzcFVEYjNBa2EzdlNWVV9LdmtMdjhKc2FSU0pnWGNGZzhYRHlrU2ZwTWVjSlVzaTFHV1JXWElFSm9o?oc=5\" target=\"_blank\" rel=\"nofollow noopener\">Russische gezant onderweg naar Miami voor Oekra\u00efne-gesprekken<\/a>&nbsp;&nbsp;Haarlems Dagblad<\/li>\n<\/ol>\n","protected":false},"excerpt":{"rendered":"LIVE | Russische gezant onderweg naar Miami voor gesprekken over vrede in Oekra\u00efne&nbsp;&nbsp;De Telegraaf Live Oekra\u00efne | Russische&hellip;\n","protected":false},"author":2,"featured_media":84312,"comment_status":"","ping_status":"","sticky":false,"template":"","format":"standard","meta":{"footnotes":""},"categories":[15],"tags":[39,40,48,43,44,34,35,41,42,46,47,49,45,32,33,50,36,37,38,67,64,65,66],"class_list":{"0":"post-90121","1":"post","2":"type-post","3":"status-publish","4":"format-standard","5":"has-post-thumbnail","7":"category-wereld","8":"tag-breaking-news","9":"tag-breakingnews","10":"tag-dutch","11":"tag-featured-news","12":"tag-featurednews","13":"tag-headlines","14":"tag-hoofdpunten","15":"tag-latest-news","16":"tag-latestnews","17":"tag-nederland","18":"tag-nederlanden","19":"tag-nederlands","20":"tag-netherlands","21":"tag-news","22":"tag-nieuws","23":"tag-nl","24":"tag-top-stories","25":"tag-topstories","26":"tag-voorpaginanieuws","27":"tag-wereld","28":"tag-world","29":"tag-world-news","30":"tag-worldnews"},"share_on_mastodon":{"url":"https:\/\/pubeurope.com\/@nl\/115753770336457347","error":""},"_links":{"self":[{"href":"https:\/\/www.europesays.com\/nl\/wp-json\/wp\/v2\/posts\/90121","targetHints":{"allow":["GET"]}}],"collection":[{"href":"https:\/\/www.europesays.com\/nl\/wp-json\/wp\/v2\/posts"}],"about":[{"href":"https:\/\/www.europesays.com\/nl\/wp-json\/wp\/v2\/types\/post"}],"author":[{"embeddable":true,"href":"https:\/\/www.europesays.com\/nl\/wp-json\/wp\/v2\/users\/2"}],"replies":[{"embeddable":true,"href":"https:\/\/www.europesays.com\/nl\/wp-json\/wp\/v2\/comments?post=90121"}],"version-history":[{"count":0,"href":"https:\/\/www.europesays.com\/nl\/wp-json\/wp\/v2\/posts\/90121\/revisions"}],"wp:featuredmedia":[{"embeddable":true,"href":"https:\/\/www.europesays.com\/nl\/wp-json\/wp\/v2\/media\/84312"}],"wp:attachment":[{"href":"https:\/\/www.europesays.com\/nl\/wp-json\/wp\/v2\/media?parent=90121"}],"wp:term":[{"taxonomy":"category","embeddable":true,"href":"https:\/\/www.europesays.com\/nl\/wp-json\/wp\/v2\/categories?post=90121"},{"taxonomy":"post_tag","embeddable":true,"href":"https:\/\/www.europesays.com\/nl\/wp-json\/wp\/v2\/tags?post=90121"}],"curies":[{"name":"wp","href":"https:\/\/api.w.org\/{rel}","templated":true}]}}