{"id":90235,"date":"2025-12-20T23:37:08","date_gmt":"2025-12-20T23:37:08","guid":{"rendered":"https:\/\/www.europesays.com\/nl\/90235\/"},"modified":"2025-12-20T23:37:08","modified_gmt":"2025-12-20T23:37:08","slug":"mbappe-evenaart-clubrecord-ronaldo-met-59-goals-in-een-jaar-voor-real-madrid","status":"publish","type":"post","link":"https:\/\/www.europesays.com\/nl\/90235\/","title":{"rendered":"Mbapp\u00e9 evenaart clubrecord Ronaldo met 59 goals in \u00e9\u00e9n jaar voor Real Madrid"},"content":{"rendered":"<p class=\"sc-2ea02837-0 fedhGB\" id=\"530691177082608\">Helemaal vanzelf ging het niet, maar Real Madrid heeft het thuisduel met Sevilla wel gewonnen. In Bernab\u00e9u werd het 2-0 dankzij doelpunten van Jude Bellingham en Kylian Mbapp\u00e9.<\/p>\n<p class=\"sc-2ea02837-0 fedhGB\" id=\"38798380355357\">Voor Mbapp\u00e9 was het zijn achttiende doelpunt van het seizoen in de Spaanse competitie. In de laatste acht wedstrijden in alle competities scoorde de Franse spits tien keer.<\/p>\n<p class=\"sc-2ea02837-0 fedhGB\" id=\"440969824250619\">Bovendien was het zijn 59ste doelpunt van het jaar 2025. Daarmee evenaarde de Fransman het clubrecord van Cristiano Ronaldo, die in 2013 ook 59 keer scoorde.<\/p>\n<p class=\"sc-2ea02837-0 fedhGB\" id=\"282391928731611\">Mbapp\u00e9 vierde zijn doelpunt, waarmee hij de beslissing bracht in het duel met Sevilla, door als Ronaldo te juichen.<\/p>\n<p class=\"sc-2ea02837-0 fedhGB\" id=\"420200481035645\">Tegen Sevilla ging het wel wat moeizamer dan hij gewend is. Met een bekeken schot net naast en een kopbal die op de lat werd getikt, was hij na rust dichtbij. Maar pas vijf minuten voor tijd mocht de Franse aanvaller aanleggen vanaf elf meter (2-0).<\/p>\n","protected":false},"excerpt":{"rendered":"Helemaal vanzelf ging het niet, maar Real Madrid heeft het thuisduel met Sevilla wel gewonnen. In Bernab\u00e9u werd&hellip;\n","protected":false},"author":2,"featured_media":90236,"comment_status":"","ping_status":"","sticky":false,"template":"","format":"standard","meta":{"footnotes":""},"categories":[21],"tags":[48,46,47,49,45,50,92,91,167],"class_list":{"0":"post-90235","1":"post","2":"type-post","3":"status-publish","4":"format-standard","5":"has-post-thumbnail","7":"category-sport","8":"tag-dutch","9":"tag-nederland","10":"tag-nederlanden","11":"tag-nederlands","12":"tag-netherlands","13":"tag-nl","14":"tag-sport","15":"tag-sports","16":"tag-voetbal"},"share_on_mastodon":{"url":"https:\/\/pubeurope.com\/@nl\/115754529179952980","error":""},"_links":{"self":[{"href":"https:\/\/www.europesays.com\/nl\/wp-json\/wp\/v2\/posts\/90235","targetHints":{"allow":["GET"]}}],"collection":[{"href":"https:\/\/www.europesays.com\/nl\/wp-json\/wp\/v2\/posts"}],"about":[{"href":"https:\/\/www.europesays.com\/nl\/wp-json\/wp\/v2\/types\/post"}],"author":[{"embeddable":true,"href":"https:\/\/www.europesays.com\/nl\/wp-json\/wp\/v2\/users\/2"}],"replies":[{"embeddable":true,"href":"https:\/\/www.europesays.com\/nl\/wp-json\/wp\/v2\/comments?post=90235"}],"version-history":[{"count":0,"href":"https:\/\/www.europesays.com\/nl\/wp-json\/wp\/v2\/posts\/90235\/revisions"}],"wp:featuredmedia":[{"embeddable":true,"href":"https:\/\/www.europesays.com\/nl\/wp-json\/wp\/v2\/media\/90236"}],"wp:attachment":[{"href":"https:\/\/www.europesays.com\/nl\/wp-json\/wp\/v2\/media?parent=90235"}],"wp:term":[{"taxonomy":"category","embeddable":true,"href":"https:\/\/www.europesays.com\/nl\/wp-json\/wp\/v2\/categories?post=90235"},{"taxonomy":"post_tag","embeddable":true,"href":"https:\/\/www.europesays.com\/nl\/wp-json\/wp\/v2\/tags?post=90235"}],"curies":[{"name":"wp","href":"https:\/\/api.w.org\/{rel}","templated":true}]}}