{"id":90792,"date":"2025-12-21T16:29:20","date_gmt":"2025-12-21T16:29:20","guid":{"rendered":"https:\/\/www.europesays.com\/nl\/90792\/"},"modified":"2025-12-21T16:29:20","modified_gmt":"2025-12-21T16:29:20","slug":"noorse-data-en-de-denkfouten-van-maarten-keulemans","status":"publish","type":"post","link":"https:\/\/www.europesays.com\/nl\/90792\/","title":{"rendered":"Noorse data en de denkfouten van Maarten Keulemans"},"content":{"rendered":"<p>Samenvatting van het artikel<\/p>\n<p>In discussies over data zie je vaak dat interpretatie wordt verward met feiten. De recente discussie tussen Steve Kirsch en Maarten Keulemans over Noorse hartcijfers laat dat treffend zien. Hieronder legt Anton Theunissen van virusvaria.nl stap voor stap uit waar de denkfouten van Keulemans liggen.<\/p>\n<p>\n                    Lees volledig artikel: Noorse data en de denkfouten van Maarten Keulemans\n                <\/p>\n<p>            Leestijd:   4 minuten<\/p>\n<p>De discussie over de Noorse cijfers over hartmedicatie laat goed zien hoe makkelijk data verkeerd ge\u00efnterpreteerd worden \u2013 zeker wanneer overtuiging v\u00f3\u00f3r observatie komt.<\/p>\n<p>Op X (voorheen Twitter) reageerde wetenschapsjournalist Maarten Keulemans op een grafiek van Steve Kirsch, waarin het sterk toenemende gebruik van hartmedicatie in Noorwegen te zien is bij mensen tussen 15 en 44 jaar. Kirsch stelde daarbij de terechte vraag: \u201cAls COVID-vaccins het risico op hartproblemen verminderen, hoe verklaren we dan deze cijfers?\u201d<\/p>\n<p>Keulemans antwoordde dat de stijging \u201cal begonnen was v\u00f3\u00f3r vaccinatie\u201d. Die reactie klinkt stellig, maar klopt eenvoudigweg niet. Omdat dit beeld zich inmiddels snel verspreidt, is het belangrijk om precies te laten zien waar zijn redenatie zoal spaak loopt \u2013 want dit was niet het enige.<\/p>\n<p>1. Jaartotalen zijn geen datums<\/p>\n<blockquote class=\"twitter-tweet\">\n<p dir=\"ltr\" lang=\"en\">Except the first time the vaccinated were actually part of the figures, the rise had already begun. <a href=\"https:\/\/t.co\/4tOG0dNQGp\" rel=\"nofollow\">pic.twitter.com\/4tOG0dNQGp<\/a><\/p>\n<p>\u2014 Maarten Keulemans (@mkeulemans) <a href=\"https:\/\/twitter.com\/mkeulemans\/status\/2000886308353315254?ref_src=twsrc%5Etfw\" rel=\"nofollow noopener\" target=\"_blank\">December 16, 2025<\/a><\/p><\/blockquote>\n<p>De eerste misvatting is fundamenteel. De grafiek toont jaartotalen \u2013 geen continue tijdlijn met dagen of maanden. Het datapunt boven 2021 vertegenwoordigt dus het gehele kalenderjaar 2021, inclusief de vaccinatiecampagne dat jaar!.<\/p>\n<p>En het was niet zo moeilijk voor Keulemans om dat te begrijpen want de streep die aangeeft \u201cvoor vaccinatie\u201d en \u201cna vaccinatie\u201d loopt in de grafiek door het jaar 2020. En daaruit zou iedereen die iets van data en grafieken snapt direct afleiden dat die streep het eind van het jaar betreft. En dus alle cijfers van de afzonderlijke jaren geplaatst zijn aan het eind van dat lopende jaar.<\/p>\n<p>Wie dat onderscheid niet maakt, schuift de eerste stijging automatisch een jaar naar voren, waardoor het lijkt alsof de toename al \u201cvoor vaccinatie\u201d begon: te vroeg. In werkelijkheid is het datapunt over heel 2021 juist het eerste waarin de stijging zichtbaar wordt. En dat is dus het jaar waarin de vaccinatie grootschalig beginnen.<\/p>\n<p>Dit type mislezing is bepaald niet uitzonderlijk, bij de huidige populariteit van grafieken, maar w\u00e9l fataal in een debat waarin de timing van causale factoren centraal staat.<\/p>\n<p>2. Verwarring tussen de assen<\/p>\n<p>Keulemans stelt in zijn tweet dat \u201cde x-as bij 48 begint\u201d.<\/p>\n<p>Dat is eenvoudig onjuist. Ten eerste bedoelt hij de y-as, die het aantal medicijngebruikers per 1.000 personen toont. Niet de x-as.<\/p>\n<p><img fetchpriority=\"high\" decoding=\"async\" width=\"851\" height=\"1024\" class=\"wp-image-113031\" src=\"https:\/\/www.europesays.com\/nl\/wp-content\/uploads\/2025\/12\/image-1-851x1024.jpg\" alt=\"Noorse data en de denkfouten van Maarten Keulemans - 113031\"  \/><\/p>\n<p>Het mag opmerkelijk heten dat een wetenschapsjournalist van dit kaliber een dergelijke dilettantenvergissing maakt. De as waarover hij het heeft is de y-as, die bij 48 begint.<\/p>\n<p>De grafiek laat overduidelijk zien dat alle waarnemingen in de jaren 2013 tot en met 2020 de cijfers tussen 48 en 50 lagen. (Gebruikers van hartmedicatie per 1000 personen tussen 15 en 44 jaar). Vanaf 2021 stijgt dat cijfer naar 59 per 1000 in 2024.<\/p>\n<p>3. Assen vertellen \u00f3\u00f3k een verhaal<\/p>\n<p>Dat de y-as niet bij nul begint, is g\u00e9\u00e9n aanwijzing van manipulatie \u2013 het is een algemeen aanvaarde methode in wetenschappelijke visualisaties. Een volledig bereik van 0 tot 60 zou alle nuances verbergen, terwijl het juist om relatieve veranderingen gaat. Wie veel met data werkt, weet dat het doel van een grafiek niet altijd is om absolute waarden te tonen, maar om trends inzichtelijk te maken.<\/p>\n<p>De verwarring over \u201cafgesneden assen\u201d komt vaker voor bij lezers die grafieken beschouwen als illustraties, niet als analysetools. In werkelijkheid is de as-schaal een essentieel onderdeel van de boodschap: ze bepaalt welk detailniveau zichtbaar wordt.<\/p>\n<p>In epidemiologie, econometrie en natuurkunde is dit standaardpraktijk. Een wetenschapsjournalist zou daarvan doordrongen moeten zijn, zeker als hij zich inlaat met discussies over datavisualisatie.<\/p>\n<p>4. Over welk \u2018hartmedicijn\u2019 gaat het?<\/p>\n<p>In zijn reactie vroeg Keulemans zich af welk \u201chartmedicijn\u201d bedoeld werd, alsof het om \u00e9\u00e9n specifiek middel ging. Dat geeft aan dat hij zich niet heeft verdiept in de classificatie.<\/p>\n<p>De data hebben betrekking op de ATC-hoofdgroep C \u2013 cardiovasculaire medicatie in de terminologie van de Wereldgezondheidsorganisatie. Het gaat dus om een brede categorie: bloeddrukverlagers, middelen bij hartritmestoornissen, enzovoort. Mocht je daarmee onbekend zijn, dan is dat gemakkelijk op te zoeken, zelfs via het bronartikel.<\/p>\n<p>5. Terloopse desinformatie<\/p>\n<p>Als verklaring voor de onmiskenbare stijging werd gegeven dat er \u201cmogelijk een voorschrijf\u2011richtlijn is aangepast\u201d. Maar van een dergelijke wijziging is niets bekend. Zulke aanpassingen zijn grootschalig, worden gedocumenteerd, en zijn publiek te vinden. In Noorwegen is daar geen spoor van.<\/p>\n<p>Dit is een knuppel in het hoenderhok, een stuk rood vlees in de leeuwenkuil \u2013 in ieder geval heeft het met waarheidsvinding of hypothesevorming weinig te maken.<\/p>\n<p>6. De cijfers zelf: een onmiskenbare trendbreuk<\/p>\n<p>Wanneer we de cijfers over 2016\u20132020 vergelijken met die van 2020\u20132024, zien we een duidelijke trendbreuk. Bij jongere volwassenen (met name 15\u201334 jaar) neemt het gebruik van hartmedicatie opvallend sterk toe \u2013 vele malen sterker dan in de vijf jaar daarvoor.<\/p>\n<p>De blauwe staven in de grafiek geven de toenames (en afnames) bij elke leeftijdsgroep weer van 2020 vergeleken met vijf jaar eerder, 2016. De paarse staven doen hetzelfde voor het verschil tussen 2020 en 2024 (ook dat zijn vijf volle jaren, voor de meerekenaars die denken dat 2020-2016=4).<\/p>\n<p><img loading=\"lazy\" decoding=\"async\" width=\"986\" height=\"461\" class=\"wp-image-113030\" src=\"https:\/\/www.europesays.com\/nl\/wp-content\/uploads\/2025\/12\/1766334559_811_image.png\" alt=\"Noorse data en de denkfouten van Maarten Keulemans - 113030\"  \/><\/p>\n<p>Zo\u2019n sprongsgewijze toename is geen reguliere gezondheidsontwikkeling. Die vraagt om onderzoek naar de oorzaken. Of dat vaccinatie is of iets anders, moet onafhankelijk worden vastgesteld. Maar het fenomeen proberen te ontkennen door een mislezing van een grafiek \u2013 dat helpt niemand verder.<\/p>\n<p>Wat dit zegt over wetenschapsjournalistiek<\/p>\n<p>De kern van het probleem ligt niet bij \u00e9\u00e9n persoon, maar bij een journalistieke houding: te snel conclusies trekken zonder de data zorgvuldig te interpreteren. Wanneer iemand met een groot bereik een dataset onjuist uitlegt, draagt dat bij aan verwarring, niet aan verduidelijking.<\/p>\n<p>Het valt daarbij wel op dat deze vergissingen nooit ten nadele van de vaccins uitvallen. Hetzelfde geldt voor rekenfouten, misclassificaties, communicatie-onhandigheden en biases in studies.<\/p>\n<p>Goede wetenschap vraagt om bescheidenheid en precisie. Wie zegt dat data \u201ciets niet laten zien\u201d, moet eerst zeker weten dat hij ze correct leest.<\/p>\n<p>Slotbeschouwing<\/p>\n<p>Een grafiek van alle data, met een y-as die op 0 begint, is even compleet als nietszeggend.<\/p>\n<p><img loading=\"lazy\" decoding=\"async\" width=\"1024\" height=\"508\" class=\"wp-image-113033\" src=\"https:\/\/www.europesays.com\/nl\/wp-content\/uploads\/2025\/12\/image-1-1024x508.png\" alt=\"Noorse data en de denkfouten van Maarten Keulemans - 113033\"  \/><\/p>\n<p>Maar zelfs als we alle leeftijden (M\/V) samen nemen vanaf 2015, blijft er een duidelijk signaal zichtbaar:<\/p>\n<p><img loading=\"lazy\" decoding=\"async\" width=\"980\" height=\"580\" class=\"wp-image-113034\" src=\"https:\/\/www.europesays.com\/nl\/wp-content\/uploads\/2025\/12\/image-2.jpg\" alt=\"Noorse data en de denkfouten van Maarten Keulemans - 113034\"  \/><\/p>\n<p>De Noorse cijfers laten op zijn minst een opmerkelijke stijging zien in het gebruik van hartmedicatie bij jongere leeftijdsgroepen na 2020.<\/p>\n<p>Wat de onderliggende oorzaken zijn, is nog onderwerp van onderzoek \u2013 maar \u00e9\u00e9n ding staat vast: eerst begrijpen wat data \u00e9cht betekenen, voordat er een verklaring bij gezocht wordt.<\/p>\n<p>Een iets uitgebreidere versie<a href=\"https:\/\/virusvaria.nl\/vier-knoeperts-van-fouten-bij-een-grafiekje-maarten-lukt-het\/\" class=\"broken_link\" rel=\"nofollow noopener\" target=\"_blank\"> met voetnoten staat op Virusvaria. <\/a><\/p>\n<p>\u00a0<\/p>\n<p>        <script async src=\"https:\/\/platform.twitter.com\/widgets.js\" charset=\"utf-8\"><\/script><\/p>\n","protected":false},"excerpt":{"rendered":"Samenvatting van het artikel In discussies over data zie je vaak dat interpretatie wordt verward met feiten. De&hellip;\n","protected":false},"author":2,"featured_media":90793,"comment_status":"","ping_status":"","sticky":false,"template":"","format":"standard","meta":{"footnotes":""},"categories":[15],"tags":[39,40,48,43,44,34,35,41,42,46,47,49,45,32,33,50,36,37,38,67,64,65,66],"class_list":{"0":"post-90792","1":"post","2":"type-post","3":"status-publish","4":"format-standard","5":"has-post-thumbnail","7":"category-wereld","8":"tag-breaking-news","9":"tag-breakingnews","10":"tag-dutch","11":"tag-featured-news","12":"tag-featurednews","13":"tag-headlines","14":"tag-hoofdpunten","15":"tag-latest-news","16":"tag-latestnews","17":"tag-nederland","18":"tag-nederlanden","19":"tag-nederlands","20":"tag-netherlands","21":"tag-news","22":"tag-nieuws","23":"tag-nl","24":"tag-top-stories","25":"tag-topstories","26":"tag-voorpaginanieuws","27":"tag-wereld","28":"tag-world","29":"tag-world-news","30":"tag-worldnews"},"share_on_mastodon":{"url":"https:\/\/pubeurope.com\/@nl\/115758508827413964","error":""},"_links":{"self":[{"href":"https:\/\/www.europesays.com\/nl\/wp-json\/wp\/v2\/posts\/90792","targetHints":{"allow":["GET"]}}],"collection":[{"href":"https:\/\/www.europesays.com\/nl\/wp-json\/wp\/v2\/posts"}],"about":[{"href":"https:\/\/www.europesays.com\/nl\/wp-json\/wp\/v2\/types\/post"}],"author":[{"embeddable":true,"href":"https:\/\/www.europesays.com\/nl\/wp-json\/wp\/v2\/users\/2"}],"replies":[{"embeddable":true,"href":"https:\/\/www.europesays.com\/nl\/wp-json\/wp\/v2\/comments?post=90792"}],"version-history":[{"count":0,"href":"https:\/\/www.europesays.com\/nl\/wp-json\/wp\/v2\/posts\/90792\/revisions"}],"wp:featuredmedia":[{"embeddable":true,"href":"https:\/\/www.europesays.com\/nl\/wp-json\/wp\/v2\/media\/90793"}],"wp:attachment":[{"href":"https:\/\/www.europesays.com\/nl\/wp-json\/wp\/v2\/media?parent=90792"}],"wp:term":[{"taxonomy":"category","embeddable":true,"href":"https:\/\/www.europesays.com\/nl\/wp-json\/wp\/v2\/categories?post=90792"},{"taxonomy":"post_tag","embeddable":true,"href":"https:\/\/www.europesays.com\/nl\/wp-json\/wp\/v2\/tags?post=90792"}],"curies":[{"name":"wp","href":"https:\/\/api.w.org\/{rel}","templated":true}]}}