{"id":91575,"date":"2025-12-22T15:03:10","date_gmt":"2025-12-22T15:03:10","guid":{"rendered":"https:\/\/www.europesays.com\/nl\/91575\/"},"modified":"2025-12-22T15:03:10","modified_gmt":"2025-12-22T15:03:10","slug":"peter-van-der-vorst-help-npo-aan-100-miljoen-dit-krijg-je-terug","status":"publish","type":"post","link":"https:\/\/www.europesays.com\/nl\/91575\/","title":{"rendered":"\u2018Peter van der Vorst, help NPO aan 100 miljoen: dit krijg je terug!\u2019"},"content":{"rendered":"<p>AvroTros-baas Taco Zimmerman, die ons land weghoudt bij het Songfestival omdat hij anti-Isra\u00ebl is, verzoekt de RTL-top om de publieke omroep te steunen in de strijd voor m\u00e9\u00e9r geld. \u201cDit krijg je terug!\u201d<\/p>\n<p>        Door onze entertainmentredactie<\/p>\n<p>        <img fetchpriority=\"high\" decoding=\"async\" width=\"1280\" height=\"720\" src=\"https:\/\/www.europesays.com\/nl\/wp-content\/uploads\/2025\/12\/1222-Peter-Taco.jpg\" class=\"attachment-post-thumbnail size-post-thumbnail wp-post-image\" alt=\"Peter van der Vorst en Taco Zimmerman\"  \/>        \u00a9 RTL, Ruud Baan    <\/p>\n<p>De NPO heeft een m\u00e9gabudget: het geld klotst er tegen de plinten. Ook in 2026 hebben al die omroepbobo\u2019s weer 1,2 miljard euro te verdelen. Dat is veel meer dan wat RTL en Talpa s\u00e1men te besteden hebben. Toch staan ze in Hilversum weer op hun achterste benen nu er bezuinigingen aan zitten te komen. Ook AvroTros-baas Taco Zimmerman is woest.<\/p>\n<p>Armzalig land<\/p>\n<p>Taco wil meer geld. Veel meer geld. \u201cWij maken ongelooflijk goede televisie voor weinig geld. Ik word er zo langzamerhand wel een beetje pissig van dat Den Haag ons keer op keer aanpakt\u201d, briest hij in het <a href=\"https:\/\/www.ad.nl\/show\/avrotros-baas-is-er-klaar-mee-nederland-is-een-armzalig-land-geworden-we-vinden-tv-maar-een-hobby~a815c9b44\/\" rel=\"nofollow noopener\" target=\"_blank\">AD<\/a>.<\/p>\n<p>Den Haag weet de publieke omroep niet genoeg op waarde te schatten, vindt hij. \u201cWij zijn toch het land van de dominee en de koopman. We vinden het maar een hobby ofzo. We zijn daarin echt een armzalig land.\u201d<\/p>\n<p>\u2018RTL, help ons!\u2019<\/p>\n<p>Er moet ook steun komen uit de commerci\u00eble hoek, vindt Taco. Hij wijst naar de RTL-top, die bestaat uit Sven Sauv\u00e9 en \u2014 nu nog \u2014 Peter van der Vorst. \u201cLaat ik het zo zeggen: het is jammer dat ceo Sven Sauv\u00e9 van RTL Nederland nog steeds pleit voor meer bezuinigingen op de publieke omroep. Laten we nou de handen ineen slaan.\u201d<\/p>\n<p>Hoe ziet hij dat voor zich? \u201cAls zij ervoor zorgen dat we er 100 miljoen bij krijgen, wil ik met alle liefde praten over het ter beschikking stellen van onze dramaseries op Videoland. Er zijn gemeenschappelijke vijanden als Meta, Google en TikTok. Ik steek hierbij de hand uit.\u201d<\/p>\n<p>Nog eens 100 miljoen. En daar krijgt RTL dan Frits Sissing en consorten voor terug. Losgezongen van de werkelijkheid.<\/p>\n","protected":false},"excerpt":{"rendered":"AvroTros-baas Taco Zimmerman, die ons land weghoudt bij het Songfestival omdat hij anti-Isra\u00ebl is, verzoekt de RTL-top om&hellip;\n","protected":false},"author":2,"featured_media":91576,"comment_status":"","ping_status":"","sticky":false,"template":"","format":"standard","meta":{"footnotes":""},"categories":[28],"tags":[99,48,98,46,47,49,45,50,284,20318,124],"class_list":{"0":"post-91575","1":"post","2":"type-post","3":"status-publish","4":"format-standard","5":"has-post-thumbnail","7":"category-tv","8":"tag-amusement","9":"tag-dutch","10":"tag-entertainment","11":"tag-nederland","12":"tag-nederlanden","13":"tag-nederlands","14":"tag-netherlands","15":"tag-nl","16":"tag-peter-van-der-vorst","17":"tag-taco-zimmerman","18":"tag-tv"},"share_on_mastodon":{"url":"https:\/\/pubeurope.com\/@nl\/115763832846358812","error":""},"_links":{"self":[{"href":"https:\/\/www.europesays.com\/nl\/wp-json\/wp\/v2\/posts\/91575","targetHints":{"allow":["GET"]}}],"collection":[{"href":"https:\/\/www.europesays.com\/nl\/wp-json\/wp\/v2\/posts"}],"about":[{"href":"https:\/\/www.europesays.com\/nl\/wp-json\/wp\/v2\/types\/post"}],"author":[{"embeddable":true,"href":"https:\/\/www.europesays.com\/nl\/wp-json\/wp\/v2\/users\/2"}],"replies":[{"embeddable":true,"href":"https:\/\/www.europesays.com\/nl\/wp-json\/wp\/v2\/comments?post=91575"}],"version-history":[{"count":0,"href":"https:\/\/www.europesays.com\/nl\/wp-json\/wp\/v2\/posts\/91575\/revisions"}],"wp:featuredmedia":[{"embeddable":true,"href":"https:\/\/www.europesays.com\/nl\/wp-json\/wp\/v2\/media\/91576"}],"wp:attachment":[{"href":"https:\/\/www.europesays.com\/nl\/wp-json\/wp\/v2\/media?parent=91575"}],"wp:term":[{"taxonomy":"category","embeddable":true,"href":"https:\/\/www.europesays.com\/nl\/wp-json\/wp\/v2\/categories?post=91575"},{"taxonomy":"post_tag","embeddable":true,"href":"https:\/\/www.europesays.com\/nl\/wp-json\/wp\/v2\/tags?post=91575"}],"curies":[{"name":"wp","href":"https:\/\/api.w.org\/{rel}","templated":true}]}}