{"id":91585,"date":"2025-12-22T15:18:14","date_gmt":"2025-12-22T15:18:14","guid":{"rendered":"https:\/\/www.europesays.com\/nl\/91585\/"},"modified":"2025-12-22T15:18:14","modified_gmt":"2025-12-22T15:18:14","slug":"blof-doet-grote-aankondiging-om-naar-uit-te-kijken","status":"publish","type":"post","link":"https:\/\/www.europesays.com\/nl\/91585\/","title":{"rendered":"BL\u00d8F doet grote aankondiging: &#8216;Om naar uit te kijken&#8217;"},"content":{"rendered":"<p class=\"mui-173mato e10ntc2u0\">BL\u00d8F &amp; Vrienden heeft een extra concert aangekondigd. Net als de reeds aangekondigde show op 28 november vindt het tweede concert op 27 november plaats in Rotterdam Ahoy, meldt de band maandag.<\/p>\n<p class=\"mui-173mato e10ntc2u0\">&#8220;Vanwege de grote vraag naar kaarten voegen we een tweede show toe aan BL\u00d8F &amp; Vrienden 2026:, schrijft BL\u00d8F op Instagram. &#8220;Het is en blijft geweldig dat zoveel vrienden nu al kaarten gekocht hebben voor het concert van volgend jaar. Dat went dus nooit&#8221;, laat zanger Paskal Jakobsen weten. <\/p>\n<p class=\"mui-173mato e10ntc2u0\">&#8220;We voelen ons thuis in Rotterdam Ahoy en ook voor de shows in 2026 hebben we veel idee\u00ebn en plannen voor de gastartiesten die mee gaan doen. Echt iets om naar uit te kijken.&#8221;<\/p>\n<p class=\"mui-173mato e10ntc2u0\">Lees hieronder verder&#8230;<\/p>\n<p>Vrienden<\/p>\n<p class=\"mui-173mato e10ntc2u0\">Tijdens BL\u00d8F &amp; Vrienden treedt de Zeeuwse band op met andere artiesten uit binnen- en buitenland. De vorige editie vond plaats in november, toen onder anderen Racoon en Bente hun opwachting maakten als vrienden.<\/p>\n<p><img alt=\"BL\u00d8F &amp; Vrienden 2025\" loading=\"lazy\" decoding=\"async\" data-nimg=\"fill\" class=\"mui-nacstu e1qtpq9e5\" style=\"position:absolute;height:100%;width:100%;left:0;top:0;right:0;bottom:0;color:transparent\"   src=\"https:\/\/www.europesays.com\/nl\/wp-content\/uploads\/2025\/12\/blf-vrienden-2025.jpg\"\/><\/p>\n<p>1:54<\/p>\n<p>BL\u00d8F &amp; Vrienden 2025<\/p>\n<p>Bente<\/p>\n<p class=\"mui-173mato e10ntc2u0\">Bente is \u00e9\u00e9n van de artiesten die er volgend jaar weer bij is. BL\u00d8F en Bente hebben samen het nummer\u00a0Hoe Hou Ik Dit Vast\u00a0opgenomen. Volgens\u00a0Bente\u00a0gaat\u00a0Hoe Hou Ik Dit Vast\u00a0over &#8220;heimwee naar geluksmomentjes&#8221;. &#8220;Het is heel belangrijk dat we lief voor elkaar zijn, dat we elkaar vasthouden en wat vaker tegen elkaar zeggen dat we van elkaar houden.&#8221;<\/p>\n<p class=\"mui-173mato e10ntc2u0\">Bente heeft het nummer geschreven en &#8220;hoorde tijdens het schrijven de stem van Paskal Jakobsen op het nummer&#8221;. Paskal is de gitarist en zanger van de Zeeuwse band. Na een herschrijfsessie met BL\u00d8F-bassist Peter Slager lag het nummer klaar. Bij Radio 2 vertelde Paskal: &#8220;Het voelt nu ook wel echt als mijn eigen liedje&#8221;, waar Bente aan toevoegde: &#8220;Het is ook echt jouw liedje. Ik vind het zo&#8217;n BL\u00d8F-liedje geworden. Het voelt niet meer als een liedje van mij.&#8221;<\/p>\n<p class=\"mui-173mato e10ntc2u0\">Lees hieronder verder&#8230;<\/p>\n<p><img alt=\"Bente &amp; BL\u00d8F doen nieuwe single Hoe hou ik dit vast bij Edwin Evers\" loading=\"lazy\" decoding=\"async\" data-nimg=\"fill\" class=\"mui-nacstu e1qtpq9e5\" style=\"position:absolute;height:100%;width:100%;left:0;top:0;right:0;bottom:0;color:transparent\"   src=\"https:\/\/www.europesays.com\/nl\/wp-content\/uploads\/2025\/09\/bente-blf-doen-nieuwe-single-hoe-hou-ik-dit-vast-bij-edwin-evers.jpg\"\/><\/p>\n<p>3:40<\/p>\n<p>Bente &amp; BL\u00d8F doen nieuwe single Hoe hou ik dit vast bij Edwin Evers<\/p>\n<p>Ambitieuze plannen<\/p>\n<p class=\"mui-173mato e10ntc2u0\">BL\u00d8F maakte recent ook het geweldige nieuws bekend dat er in het voorjaar van 2026 opnieuw <a rel=\"noopener noreferrer nofollow\" target=\"_blank\" class=\"mui-1i4zqbr e1bmvyuj0\" href=\"https:\/\/www.shownieuws.nl\/entertainment\/nieuws\/artikelen\/blf-onthult-ambitieuze-plannen-voor-2026\">een theatertour <\/a>gaat plaatsvinden in Nederland. <\/p>\n<p class=\"mui-173mato e10ntc2u0\">&#8220;We kijken ernaar uit om weer de Nederlandse theaters te bezoeken. Het worden mooie avonden waar muziek en verhalen samensmelten, zoals dat in het theater zo goed kan. Een concert dat voelt als thuiskomen, maar ook iets nieuws naar voren brengt&#8221;, schrijft de band.<\/p>\n<p class=\"mui-173mato e10ntc2u0\">De tour begint op 3 en 4 april met twee optredens in Middelburg, de thuisstad van de band. Daarna geeft de band negentien concerten door heel Nederland. Kaarten zijn te koop vanaf woensdag 10 december.<\/p>\n","protected":false},"excerpt":{"rendered":"BL\u00d8F &amp; Vrienden heeft een extra concert aangekondigd. Net als de reeds aangekondigde show op 28 november vindt&hellip;\n","protected":false},"author":2,"featured_media":91586,"comment_status":"","ping_status":"","sticky":false,"template":"","format":"standard","meta":{"footnotes":""},"categories":[27],"tags":[99,48,98,120,121,46,47,49,45,50],"class_list":{"0":"post-91585","1":"post","2":"type-post","3":"status-publish","4":"format-standard","5":"has-post-thumbnail","7":"category-muziek","8":"tag-amusement","9":"tag-dutch","10":"tag-entertainment","11":"tag-music","12":"tag-muziek","13":"tag-nederland","14":"tag-nederlanden","15":"tag-nederlands","16":"tag-netherlands","17":"tag-nl"},"share_on_mastodon":{"url":"https:\/\/pubeurope.com\/@nl\/115763891768196204","error":""},"_links":{"self":[{"href":"https:\/\/www.europesays.com\/nl\/wp-json\/wp\/v2\/posts\/91585","targetHints":{"allow":["GET"]}}],"collection":[{"href":"https:\/\/www.europesays.com\/nl\/wp-json\/wp\/v2\/posts"}],"about":[{"href":"https:\/\/www.europesays.com\/nl\/wp-json\/wp\/v2\/types\/post"}],"author":[{"embeddable":true,"href":"https:\/\/www.europesays.com\/nl\/wp-json\/wp\/v2\/users\/2"}],"replies":[{"embeddable":true,"href":"https:\/\/www.europesays.com\/nl\/wp-json\/wp\/v2\/comments?post=91585"}],"version-history":[{"count":0,"href":"https:\/\/www.europesays.com\/nl\/wp-json\/wp\/v2\/posts\/91585\/revisions"}],"wp:featuredmedia":[{"embeddable":true,"href":"https:\/\/www.europesays.com\/nl\/wp-json\/wp\/v2\/media\/91586"}],"wp:attachment":[{"href":"https:\/\/www.europesays.com\/nl\/wp-json\/wp\/v2\/media?parent=91585"}],"wp:term":[{"taxonomy":"category","embeddable":true,"href":"https:\/\/www.europesays.com\/nl\/wp-json\/wp\/v2\/categories?post=91585"},{"taxonomy":"post_tag","embeddable":true,"href":"https:\/\/www.europesays.com\/nl\/wp-json\/wp\/v2\/tags?post=91585"}],"curies":[{"name":"wp","href":"https:\/\/api.w.org\/{rel}","templated":true}]}}