{"id":91626,"date":"2025-12-22T15:56:10","date_gmt":"2025-12-22T15:56:10","guid":{"rendered":"https:\/\/www.europesays.com\/nl\/91626\/"},"modified":"2025-12-22T15:56:10","modified_gmt":"2025-12-22T15:56:10","slug":"even-tot-hier-duo-pislink-om-kritiek-van-micha-wertheim-wat","status":"publish","type":"post","link":"https:\/\/www.europesays.com\/nl\/91626\/","title":{"rendered":"Even Tot Hier-duo pislink om kritiek van Micha Wertheim: \u2018W\u00e1t?!\u2019"},"content":{"rendered":"<p>Niels van der Laan en Jeroen Woe, de mannen van Even Tot Hier, kunnen goed uitdelen maar niet altijd even goed incasseren. Van wie hebben ze het meest last gehad in hun carri\u00e8re? \u201cMicha Wertheim!\u201d<\/p>\n<p>        Door onze entertainmentredactie<\/p>\n<p>        <img fetchpriority=\"high\" decoding=\"async\" width=\"1280\" height=\"720\" src=\"https:\/\/www.europesays.com\/nl\/wp-content\/uploads\/2025\/12\/1222-Micha-Hier.jpg\" class=\"attachment-post-thumbnail size-post-thumbnail wp-post-image\" alt=\"Even Tot Hier-duo en Micha Wertheim\"  \/>        \u00a9 NPO    <\/p>\n<p>Je ziet het wel vaker bij mensen die heel goed kunnen uitdelen: op een of andere manier lukt incasseren dan iets minder, en dat is natuurlijk wel een beetje g\u00eanant. De mannen van Even Tot Hier hebben die slechte eigenschap al die tijd publiekelijk verborgen gehouden, maar aan <a href=\"https:\/\/www.volkskrant.nl\/volkskrant-magazine\/de-mannen-van-even-tot-hier-hoe-duisterder-het-om-ons-heen-wordt-hoe-activistischer-wij-worden~b2a560ea\/\" rel=\"nofollow noopener\" target=\"_blank\">de Volkskrant<\/a> verklappen ze nu dat ze wel degelijk lange tenen hebben.<\/p>\n<p>\u2018Laat me met rust!\u2019<\/p>\n<p>Niels en Jeroen zeggen de reacties op hun uitzendingen zo min mogelijk te lezen. \u201cWant wij hebben echt h\u00e9\u00e9\u00e9le lange tenen\u201d, aldus Niels.<\/p>\n<p>Zijn maatje Jeroen daarop: \u201cZeker als we midden in het seizoen zitten. Elke week is het weer een nieuwe snelkookpan. Dan ben ik niet de allerleukste persoon op aarde, wil ik niet afgeleid worden door mensen die boos zijn of me dom vinden. Laat me met rust.\u201d<\/p>\n<p>Pissig op Micha <\/p>\n<p>Als de Volkskrant een voorbeeld vraagt \u2018waarbij er wel op die lange tenen werd getrapt\u2019, zeggen beiden in koor: \u201cMicha!\u201d<\/p>\n<p>Niels dan: \u201cMicha Wertheim schreef een keer een column in jullie krant die flink pijn deed.\u201d<\/p>\n<p>Jeroen: \u201cHet was helemaal in het begin, de tweede aflevering van Even tot hier, hij fikte ons tot de sokken af.\u201d<\/p>\n<p>Sarcasme<\/p>\n<p>Dat stukje deed \u00e9cht pijn, aldus Niels. \u201cV\u00f3l het sarcasme in. \u2018Wat \u00eds het leuk! Wat mogen we als land blij zijn met dit programma!\u2019 En dat van iemand die we enigszins kenden, wiens voorstellingen we hadden gezien, in de krant die we lezen. Jeetje, dacht ik even, het is kennelijk helemaal mis.\u201d<\/p>\n<p>En, had hij achteraf gezien een punt? Jeroen: \u201cNou, dat vond ik eigenlijk wel meevallen.\u201d<\/p>\n","protected":false},"excerpt":{"rendered":"Niels van der Laan en Jeroen Woe, de mannen van Even Tot Hier, kunnen goed uitdelen maar niet&hellip;\n","protected":false},"author":2,"featured_media":91627,"comment_status":"","ping_status":"","sticky":false,"template":"","format":"standard","meta":{"footnotes":""},"categories":[31],"tags":[99,147,48,98,11178,20339,46,47,49,45,50],"class_list":{"0":"post-91626","1":"post","2":"type-post","3":"status-publish","4":"format-standard","5":"has-post-thumbnail","7":"category-celebrities","8":"tag-amusement","9":"tag-celebrities","10":"tag-dutch","11":"tag-entertainment","12":"tag-even-tot-hier","13":"tag-micha-wertheim","14":"tag-nederland","15":"tag-nederlanden","16":"tag-nederlands","17":"tag-netherlands","18":"tag-nl"},"share_on_mastodon":{"url":"https:\/\/pubeurope.com\/@nl\/115764041031847546","error":""},"_links":{"self":[{"href":"https:\/\/www.europesays.com\/nl\/wp-json\/wp\/v2\/posts\/91626","targetHints":{"allow":["GET"]}}],"collection":[{"href":"https:\/\/www.europesays.com\/nl\/wp-json\/wp\/v2\/posts"}],"about":[{"href":"https:\/\/www.europesays.com\/nl\/wp-json\/wp\/v2\/types\/post"}],"author":[{"embeddable":true,"href":"https:\/\/www.europesays.com\/nl\/wp-json\/wp\/v2\/users\/2"}],"replies":[{"embeddable":true,"href":"https:\/\/www.europesays.com\/nl\/wp-json\/wp\/v2\/comments?post=91626"}],"version-history":[{"count":0,"href":"https:\/\/www.europesays.com\/nl\/wp-json\/wp\/v2\/posts\/91626\/revisions"}],"wp:featuredmedia":[{"embeddable":true,"href":"https:\/\/www.europesays.com\/nl\/wp-json\/wp\/v2\/media\/91627"}],"wp:attachment":[{"href":"https:\/\/www.europesays.com\/nl\/wp-json\/wp\/v2\/media?parent=91626"}],"wp:term":[{"taxonomy":"category","embeddable":true,"href":"https:\/\/www.europesays.com\/nl\/wp-json\/wp\/v2\/categories?post=91626"},{"taxonomy":"post_tag","embeddable":true,"href":"https:\/\/www.europesays.com\/nl\/wp-json\/wp\/v2\/tags?post=91626"}],"curies":[{"name":"wp","href":"https:\/\/api.w.org\/{rel}","templated":true}]}}