{"id":91641,"date":"2025-12-22T16:13:09","date_gmt":"2025-12-22T16:13:09","guid":{"rendered":"https:\/\/www.europesays.com\/nl\/91641\/"},"modified":"2025-12-22T16:13:09","modified_gmt":"2025-12-22T16:13:09","slug":"raakt-vi-band-met-achterban-kwijt-gevestigde-orde-kaapt-show","status":"publish","type":"post","link":"https:\/\/www.europesays.com\/nl\/91641\/","title":{"rendered":"Raakt VI band met achterban kwijt? \u2018Gevestigde orde kaapt show\u2019"},"content":{"rendered":"<p>Vandaag Inside moet er serieus voor waken dat de traditionele achterban van het programma niet afhaakt. Het programma wordt langzaam aan overgenomen door de gevestigde orde, meent Victor Vlam.<\/p>\n<p>        Door onze entertainmentredactie<\/p>\n<p>        <img fetchpriority=\"high\" decoding=\"async\" width=\"1280\" height=\"720\" src=\"https:\/\/www.europesays.com\/nl\/wp-content\/uploads\/2025\/12\/1222-Victor-Arend-Johan.jpg\" class=\"attachment-post-thumbnail size-post-thumbnail wp-post-image\" alt=\"Victor Vlam, Arend Jan Boekestijn en Johan Derksen\"  \/>        \u00a9 SBS    <\/p>\n<p>Tv-criticus Victor Vlam, in ons land de belangrijkste kenner van het Vandaag Inside-ecosysteem, deelt Johan Derksen, Ren\u00e9 van der Gijp en Wilfred Genee een serieuze waarschuwing uit. Hij heeft het gevoel dat VI de band met de traditionele achterban langzaam aan het verliezen is, omdat de show steeds vaker tegen de gevestigde orde aanschuurt.<\/p>\n<p>\u2018Ron Keller, echt?!\u2019<\/p>\n<p>Victor maakt zich zorgen over de show, vertelt hij in de podcast <a href=\"https:\/\/open.spotify.com\/episode\/7cwnL1bddo7lIZVECqQs7f?si=c1c238e313544451\" rel=\"nofollow noopener\" target=\"_blank\">Victor Duidt TV<\/a>. Hij realiseerde zich dat VI in zwaar weer zit toen oud-diplomaat Ron Keller aan de bar zat. \u201cIk dacht bij mezelf: echt waar?! Ron Keller? Die zit echt in \u00e9lke talkshow. Echt in \u00e9lke talkshow! Hij zit echt overal. Is VI nou opgericht om d\u00e1t soort mensen een platform te geven?\u201d<\/p>\n<p>De toon van Ron was w\u00e9l anders, merkt hij op. \u201cIk vond dat het in alle eerlijkheid soms neerbuigend was naar het VI-publiek toe. Ik trek zijn deskundigheid niet aan twijfel, maar ik had wel het idee dat hij zich daar had voorgenomen van: nou, ik ga het in heel simpele termen uitleggen want die mensen zullen het allemaal wel niet begrijpen.\u201d<\/p>\n<p>Piratenschip<\/p>\n<p>VI schuurt steeds vaker tegen het establishment aan, oftewel de gevestigde orde, vindt Victor. Hij wijst ook op Arend Jan Boekestijn en Renske Leijten. \u201cDie zijn beiden ook vaste gasten bij Pauw &amp; De Wit. Dan denk ik: dan begint het onderscheid tussen die talkshows echt te vervagen. Het rebelse moet er zijn, het anti-establishment.\u201d<\/p>\n<p>\u201cHet moet een beetje het piratenschip zijn, het moet veel meer populistisch zijn. Ik heb af en toe geen idee of ik nou naar Nieuwsuur met Jeroen Wollaars zit te kijken of naar Wilfred Genee en Vandaag Inside. Het onderscheid is minder duidelijk dan het zou moeten zijn. Daar moeten ze zich in de winterstop op bezinnen. Daar moeten ze over nadenken.\u201d<\/p>\n<p>Trappen<\/p>\n<p>Wellicht staat Wilfred onder druk om meer binnen de lijntjes te kleuren, bijvoorbeeld van zijn vrouw Lili Genee, die zich laatst in de media beklaagde over de reacties die zij op VI krijgt. \u201cDan krijg je op een gegeven moment dat je daar de ene dag met Arend Jan zit, de andere dag met Ron Keller en dan zit Mart de Kruijff er weer.\u201d<\/p>\n<p>Hij verzucht: \u201cAlleen maar establishment-gasten! Ik zou eerlijk gezegd meer van die gasten willen die een klein beetje daar tegen de schenen van mensen aan trappen, omdat dat hetgeen is waar de Vandaag Inside-kijker op zit te wachten. Het vertegenwoordigt het deel van Nederland dat zich niet gehoord voelt op allerlei andere plaatsen zoals bij de NPO.\u201d<\/p>\n<p>Warm bad<\/p>\n<p>De VI-achterban wordt nu onvoldoende vertegenwoordigd op tv, meent Victor. \u201cArend Jan krijgt een warm bad, die wordt onthaald met alle egards, terwijl Wierd Duk daar geen een keer aan tafel kan verschijnen zonder een hele tirade te krijgen over wat hij nou weer op Twitter heeft gezet. Ik vind het opmerkelijk allemaal.\u201d<\/p>\n<p>Hij besluit: \u201cHet establishment-karakter begint wat te groot te worden. Het moet meer rebels zijn.\u201d<\/p>\n","protected":false},"excerpt":{"rendered":"Vandaag Inside moet er serieus voor waken dat de traditionele achterban van het programma niet afhaakt. Het programma&hellip;\n","protected":false},"author":2,"featured_media":91642,"comment_status":"","ping_status":"","sticky":false,"template":"","format":"standard","meta":{"footnotes":""},"categories":[28],"tags":[99,48,98,192,46,47,49,45,50,124,285,129],"class_list":{"0":"post-91641","1":"post","2":"type-post","3":"status-publish","4":"format-standard","5":"has-post-thumbnail","7":"category-tv","8":"tag-amusement","9":"tag-dutch","10":"tag-entertainment","11":"tag-johan-derksen","12":"tag-nederland","13":"tag-nederlanden","14":"tag-nederlands","15":"tag-netherlands","16":"tag-nl","17":"tag-tv","18":"tag-vandaag-inside","19":"tag-victor-vlam"},"share_on_mastodon":{"url":"https:\/\/pubeurope.com\/@nl\/115764108085553187","error":""},"_links":{"self":[{"href":"https:\/\/www.europesays.com\/nl\/wp-json\/wp\/v2\/posts\/91641","targetHints":{"allow":["GET"]}}],"collection":[{"href":"https:\/\/www.europesays.com\/nl\/wp-json\/wp\/v2\/posts"}],"about":[{"href":"https:\/\/www.europesays.com\/nl\/wp-json\/wp\/v2\/types\/post"}],"author":[{"embeddable":true,"href":"https:\/\/www.europesays.com\/nl\/wp-json\/wp\/v2\/users\/2"}],"replies":[{"embeddable":true,"href":"https:\/\/www.europesays.com\/nl\/wp-json\/wp\/v2\/comments?post=91641"}],"version-history":[{"count":0,"href":"https:\/\/www.europesays.com\/nl\/wp-json\/wp\/v2\/posts\/91641\/revisions"}],"wp:featuredmedia":[{"embeddable":true,"href":"https:\/\/www.europesays.com\/nl\/wp-json\/wp\/v2\/media\/91642"}],"wp:attachment":[{"href":"https:\/\/www.europesays.com\/nl\/wp-json\/wp\/v2\/media?parent=91641"}],"wp:term":[{"taxonomy":"category","embeddable":true,"href":"https:\/\/www.europesays.com\/nl\/wp-json\/wp\/v2\/categories?post=91641"},{"taxonomy":"post_tag","embeddable":true,"href":"https:\/\/www.europesays.com\/nl\/wp-json\/wp\/v2\/tags?post=91641"}],"curies":[{"name":"wp","href":"https:\/\/api.w.org\/{rel}","templated":true}]}}