{"id":92257,"date":"2025-12-23T10:21:10","date_gmt":"2025-12-23T10:21:10","guid":{"rendered":"https:\/\/www.europesays.com\/nl\/92257\/"},"modified":"2025-12-23T10:21:10","modified_gmt":"2025-12-23T10:21:10","slug":"polen-stuurt-straaljagers-de-lucht-in-na-russische-aanval-op-west-oekraine","status":"publish","type":"post","link":"https:\/\/www.europesays.com\/nl\/92257\/","title":{"rendered":"Polen stuurt straaljagers de lucht in na Russische aanval op West-Oekra\u00efne"},"content":{"rendered":"<p><img alt=\"\" decoding=\"async\" loading=\"eager\" src=\"https:\/\/www.europesays.com\/nl\/wp-content\/uploads\/2025\/12\/1766485270_45_1024x576a.jpg\" class=\"sc-bcb3b750-1 cULYcE\"\/>REUTERSHulpverleners op de plek van een Russische droneaanval op een appartementencomplex in Kyiv<\/p>\n<p>NOS Nieuws\u2022vandaag, 10:47<\/p>\n<p class=\"sc-2ea02837-0 fedhGB\" id=\"556953208246301\">Om de veiligheid van het Poolse luchtruim te waarborgen, zijn vanochtend Poolse en geallieerde vliegtuigen ingezet. Dat gebeurde na een grote Russische luchtaanval op West-Oekra\u00efne.<\/p>\n<p class=\"sc-2ea02837-0 fedhGB\" id=\"777615115305992\">Dat meldt het operationele commando van de Poolse strijdkrachten in een bericht <a href=\"https:\/\/x.com\/DowOperSZ\/status\/2003346611267620893\" data-tracking=\"elementType=external-link|elementId=https:\/\/x.com\/DowOperSZ\/status\/2003346611267620893|eventType=navigation|eventName=open\" target=\"_blank\" rel=\"nofollow\">op X<\/a>. &#8220;Deze maatregelen zijn preventief van aard en hebben tot doel het luchtruim te beveiligen en te beschermen, met name in gebieden die grenzen aan bedreigde zones.&#8221;<\/p>\n<p class=\"sc-2ea02837-0 fedhGB\" id=\"298494699381467\">In Polen gaan vaker gevechtsvliegtuigen preventief de lucht in als Rusland een aanval uitvoert op Oekra\u00efne. Vorige week <a data-tracking=\"elementType=page|elementId=https:\/\/nos.nl\/artikel\/2595250-poolse-president-na-bezoek-zelensky-slecht-nieuws-voor-moskou|eventType=navigation|eventName=open\" target=\"_self\" href=\"https:\/\/nos.nl\/artikel\/2595250-poolse-president-na-bezoek-zelensky-slecht-nieuws-voor-moskou\" rel=\"nofollow noopener\">ontmoetten<\/a> de Poolse president Nawrocki en de Oekra\u00efense president Zelensky elkaar. De twee leiders spraken over de verdediging van Oekra\u00efne, maar ook van het Poolse luchtruim. Ook bespraken ze een ruil van Poolse MIG-29 straaljagers voor Oekra\u00efense anti-dronetechnieken.<\/p>\n<p>Drie doden en stroomuitval<\/p>\n<p class=\"sc-2ea02837-0 fedhGB\" id=\"550439027249068\">Bij de Russische nachtelijke aanvallen zijn in Oekra\u00efne zeker drie doden gevallen, melden lokale autoriteiten. In de regio Kyiv kwam een 76-jarige vrouw om toen een huis werd getroffen. Drie anderen raakte bij die aanval gewond. In West-Oekra\u00efne werd een 72-jarige inwoner van de stad Chmelnytsky gedood. Zelensky schrijft op <a href=\"https:\/\/x.com\/ZelenskyyUa\/status\/2003378962714497042?s=20\" data-tracking=\"elementType=external-link|elementId=https:\/\/x.com\/ZelenskyyUa\/status\/2003378962714497042?s20|eventType=navigation|eventName=open\" target=\"_blank\" rel=\"nofollow\">X<\/a> dat er ook een kind van vier jaar is gedood. In totaal vielen er twaalf gewonden.<\/p>\n<p class=\"sc-2ea02837-0 fedhGB\" id=\"329209343559923\">De Oekra\u00efense energieleverancier Ukrenergo meldt dat Oekra\u00efne te maken heeft met wijdverspreide stroomuitval vanwege de drone- en raketaanvallen van afgelopen nacht. Honderdduizenden mensen zitten daardoor zonder stroom.<\/p>\n<p class=\"sc-2ea02837-0 fedhGB\" id=\"670788222498519\">De Oekra\u00efense president Zelensky zei gisteren dat het in de aard van de Russen ligt om &#8220;een soort massale aanval tijdens Kerst uit te voeren&#8221;. Hij zei dat 23 december, Kerstavond en Eerste Kerstdag een risico vormen voor zo&#8217;n aanval.<\/p>\n<p class=\"sc-2ea02837-0 fedhGB\" id=\"419495890200297\">Ook vanochtend herhaalde hij dit. &#8220;Deze Russische aanval geeft een extreem duidelijk signaal over de Russische prioriteiten&#8221;, schrijft hij.&#8221; Hij ziet de aanval als een teken dat de Russische president Poetin de oorlog niet wil be\u00ebindigen. &#8220;Poetin kan nog niet accepteren dat hij moet stoppen met moorden. En dat betekent dat de wereld de druk niet genoeg opvoert op Rusland.&#8221;<\/p>\n<p>Concept-vredesplan<\/p>\n<p class=\"sc-2ea02837-0 fedhGB\" id=\"889847018460421\">De nachtelijke bombardementen komen na de laatste ronde van diplomatieke gesprekken over de oorlog in Oekra\u00efne, onder leiding van de VS in Miami. De Amerikaanse delegatie ontmoette afzonderlijk de Oekra\u00efense en de Russische delegatie. De ontmoetingen leverden optimistische verklaringen op, maar er is geen duidelijke vooruitgang geboekt om een einde te maken aan de oorlog. Die duurt inmiddels bijna vier jaar.<\/p>\n<p class=\"sc-2ea02837-0 fedhGB\" id=\"949766431517113\">De speciale gezant van de Amerikaanse president Donald Trump, Steve Witkoff, zei dat hij en zijn Oekra\u00efense tegenhanger Roestem Oemjerov hebben gewerkt aan het &#8220;afstemmen van standpunten&#8221; over een concept-vredesplan van twintig punten dat Oekra\u00efne deze maand heeft ingediend. Het plan is een alternatief voor een voorstel dat de VS in november presenteerde.<\/p>\n","protected":false},"excerpt":{"rendered":"REUTERSHulpverleners op de plek van een Russische droneaanval op een appartementencomplex in Kyiv NOS Nieuws\u2022vandaag, 10:47 Om de&hellip;\n","protected":false},"author":2,"featured_media":92258,"comment_status":"","ping_status":"","sticky":false,"template":"","format":"standard","meta":{"footnotes":""},"categories":[15],"tags":[39,40,48,43,44,34,35,41,42,6021,10650,46,47,49,45,32,33,50,180,36,37,1410,38,67,64,65,66],"class_list":{"0":"post-92257","1":"post","2":"type-post","3":"status-publish","4":"format-standard","5":"has-post-thumbnail","7":"category-wereld","8":"tag-breaking-news","9":"tag-breakingnews","10":"tag-dutch","11":"tag-featured-news","12":"tag-featurednews","13":"tag-headlines","14":"tag-hoofdpunten","15":"tag-latest-news","16":"tag-latestnews","17":"tag-luchtaanval","18":"tag-luchtruim","19":"tag-nederland","20":"tag-nederlanden","21":"tag-nederlands","22":"tag-netherlands","23":"tag-news","24":"tag-nieuws","25":"tag-nl","26":"tag-polen","27":"tag-top-stories","28":"tag-topstories","29":"tag-vliegtuigen","30":"tag-voorpaginanieuws","31":"tag-wereld","32":"tag-world","33":"tag-world-news","34":"tag-worldnews"},"share_on_mastodon":{"url":"https:\/\/pubeurope.com\/@nl\/115768386318331490","error":""},"_links":{"self":[{"href":"https:\/\/www.europesays.com\/nl\/wp-json\/wp\/v2\/posts\/92257","targetHints":{"allow":["GET"]}}],"collection":[{"href":"https:\/\/www.europesays.com\/nl\/wp-json\/wp\/v2\/posts"}],"about":[{"href":"https:\/\/www.europesays.com\/nl\/wp-json\/wp\/v2\/types\/post"}],"author":[{"embeddable":true,"href":"https:\/\/www.europesays.com\/nl\/wp-json\/wp\/v2\/users\/2"}],"replies":[{"embeddable":true,"href":"https:\/\/www.europesays.com\/nl\/wp-json\/wp\/v2\/comments?post=92257"}],"version-history":[{"count":0,"href":"https:\/\/www.europesays.com\/nl\/wp-json\/wp\/v2\/posts\/92257\/revisions"}],"wp:featuredmedia":[{"embeddable":true,"href":"https:\/\/www.europesays.com\/nl\/wp-json\/wp\/v2\/media\/92258"}],"wp:attachment":[{"href":"https:\/\/www.europesays.com\/nl\/wp-json\/wp\/v2\/media?parent=92257"}],"wp:term":[{"taxonomy":"category","embeddable":true,"href":"https:\/\/www.europesays.com\/nl\/wp-json\/wp\/v2\/categories?post=92257"},{"taxonomy":"post_tag","embeddable":true,"href":"https:\/\/www.europesays.com\/nl\/wp-json\/wp\/v2\/tags?post=92257"}],"curies":[{"name":"wp","href":"https:\/\/api.w.org\/{rel}","templated":true}]}}