{"id":92374,"date":"2025-12-23T12:44:11","date_gmt":"2025-12-23T12:44:11","guid":{"rendered":"https:\/\/www.europesays.com\/nl\/92374\/"},"modified":"2025-12-23T12:44:11","modified_gmt":"2025-12-23T12:44:11","slug":"even-tot-hier-duo-geraakt-door-onterechte-kritiek-van-deze-bner","status":"publish","type":"post","link":"https:\/\/www.europesays.com\/nl\/92374\/","title":{"rendered":"Even tot hier-duo geraakt door &#8216;onterechte kritiek&#8217; van deze BN&#8217;er"},"content":{"rendered":"<p class=\"mui-173mato e10ntc2u0\">Niels van der Laan en Jeroen Woe, bekend van het televisieprogramma Even tot hier, vertellen in een interview met de Volkskrant dat zij bewust weinig reacties op hun uitzendingen lezen. Volgens Niels heeft dat een reden. Hoewel ze vaak raken klappen uitdelen, hebben de mannen zelf &#8220;echt h\u00e9\u00e9\u00e9le lange tenen&#8221;. <\/p>\n<p class=\"mui-173mato e10ntc2u0\">Jeroen laat weten dat ze zich vooral niet bezighouden met reacties tijdens het televisieseizoen. &#8220;Zeker als we midden in het seizoen zitten. Elke week is het weer een nieuwe snelkookpan. Dan ben ik niet de allerleukste persoon op aarde, wil ik niet afgeleid worden door mensen die boos zijn of me dom vinden. Laat me met rust.&#8221;<\/p>\n<p class=\"mui-173mato e10ntc2u0\">Op de vraag van de Volkskrant wanneer die &#8216;lange tenen&#8217; daadwerkelijk werden geraakt, noemen Niels en Jeroen in koor dezelfde naam. &#8220;Micha!&#8221;, zeggen ze. Jeroen licht toe: &#8220;Micha Wertheim schreef een keer een column in jullie krant die flink pijn deed.&#8221;<\/p>\n<p class=\"mui-173mato e10ntc2u0\">Volgens Jeroen ging het om een vroeg moment in de geschiedenis van het programma. &#8220;Het was helemaal in het begin, de tweede aflevering van Even tot hier, hij fikte ons tot de sokken af.&#8221;<\/p>\n<p>Pijnlijk column<\/p>\n<p class=\"mui-173mato e10ntc2u0\">Niels beschrijft de column als pijnlijk. &#8220;V\u00f3l het sarcasme in. &#8216;Wat \u00eds het leuk! Wat mogen we als land blij zijn met dit programma!&#8217; En dat van iemand die we enigszins kenden, wiens voorstellingen we hadden gezien, in de krant die we lezen. Jeetje, dacht ik even, het is kennelijk helemaal mis.&#8221;<\/p>\n<p class=\"mui-173mato e10ntc2u0\">Of hij daadwerkelijk een punt had? &#8220;Nou, dat vond ik eigenlijk wel meevallen&#8221;, aldus Jeroen. <\/p>\n<p class=\"mui-173mato e10ntc2u0\">Lees hieronder verder&#8230;<\/p>\n<p><img alt=\"Even tot hier is terug met een nieuw seizoen met grappen over de verkiezingen en Marco Borsato\" loading=\"lazy\" decoding=\"async\" data-nimg=\"fill\" class=\"mui-nacstu e1qtpq9e5\" style=\"position:absolute;height:100%;width:100%;left:0;top:0;right:0;bottom:0;color:transparent\"   src=\"https:\/\/www.europesays.com\/nl\/wp-content\/uploads\/2025\/12\/even-tot-hier-is-terug-met-een-nieuw-seizoen-met-grappen-over-de-verkiezingen-en-marco-borsato.jpg\"\/><\/p>\n<p>2:38<\/p>\n<p>Even tot hier is terug met een nieuw seizoen met grappen over de verkiezingen en Marco Borsato<\/p>\n<p>Kritiek en bedreigingen<\/p>\n<p class=\"mui-173mato e10ntc2u0\">Hoewel Niels dus naar eigen zeggen slecht tegen kritiek kan, heeft hij dat de afgelopen tijd wel veel te verduren gekregen. Door zijn rol als hoofdpiet in het Sinterklaasjournaal werd hij zelfs <a rel=\"noopener noreferrer nofollow\" target=\"_blank\" class=\"mui-1i4zqbr e1bmvyuj0\" href=\"https:\/\/www.shownieuws.nl\/entertainment\/bners\/artikelen\/zelfs-gezin-hoofdpiet-niels-van-der-laan-bedreigd-na-sinterklaas-rel\">bedreigd <\/a>omdat hij suggereerde dat ouders ook zelf cadeautjes konden kopen als het sinterklaasfeest niet door kon gaan. Critici vonden dat de makers van het programma daarmee het geheim van Sinterklaas verklapten.<\/p>\n<p class=\"mui-173mato e10ntc2u0\">Toch is hij <a rel=\"noopener noreferrer nofollow\" target=\"_blank\" class=\"mui-1i4zqbr e1bmvyuj0\" href=\"https:\/\/www.shownieuws.nl\/entertainment\/bners\/artikelen\/niels-van-der-laan-neemt-definitieve-beslissing-over-toekomst-bij-sinterkla\">niet van plan om te stoppen<\/a>. &#8220;Nee, daar heb ik eigenlijk nog niet \u00e9\u00e9n keer over nagedacht&#8221;, zei Niels zaterdag in\u00a0Volkskrant Magazine.\u00a0<\/p>\n<p class=\"mui-173mato e10ntc2u0\">Lees hieronder verder&#8230;<\/p>\n<p><img alt=\"Niels van der Laan openhartig over bedreigingen door Het Sinterklaasjournaal\" loading=\"lazy\" decoding=\"async\" data-nimg=\"fill\" class=\"mui-nacstu e1qtpq9e5\" style=\"position:absolute;height:100%;width:100%;left:0;top:0;right:0;bottom:0;color:transparent\"   src=\"https:\/\/www.europesays.com\/nl\/wp-content\/uploads\/2025\/12\/niels-van-der-laan-openhartig-over-bedreigingen-door-het-sinterklaasjournaal.jpg\"\/><\/p>\n<p>1:42<\/p>\n<p>Niels van der Laan openhartig over bedreigingen door Het Sinterklaasjournaal<\/p>\n<p>Enorme woede<\/p>\n<p class=\"mui-173mato e10ntc2u0\">&#8220;Ik ben vooral geschrokken van de enorme woede die er leeft. Dat heb ik nog nooit z\u00f3 duidelijk gevoeld als nu. Het gaat niet om de zorgen van kinderen, maar om het gevoel dat er iets wordt afgepakt&#8221;, denkt Niels. &#8220;Daar is geen discussie meer over mogelijk, dat is gewoon zo. Eerst Zwarte Piet, nu dit weer. En ik ben dan een soort vazal van de linkse elitaire afpakkers.&#8221;<\/p>\n","protected":false},"excerpt":{"rendered":"Niels van der Laan en Jeroen Woe, bekend van het televisieprogramma Even tot hier, vertellen in een interview&hellip;\n","protected":false},"author":2,"featured_media":92375,"comment_status":"","ping_status":"","sticky":false,"template":"","format":"standard","meta":{"footnotes":""},"categories":[31],"tags":[99,147,48,98,46,47,49,45,50],"class_list":{"0":"post-92374","1":"post","2":"type-post","3":"status-publish","4":"format-standard","5":"has-post-thumbnail","7":"category-celebrities","8":"tag-amusement","9":"tag-celebrities","10":"tag-dutch","11":"tag-entertainment","12":"tag-nederland","13":"tag-nederlanden","14":"tag-nederlands","15":"tag-netherlands","16":"tag-nl"},"share_on_mastodon":{"url":"https:\/\/pubeurope.com\/@nl\/115768948606937480","error":""},"_links":{"self":[{"href":"https:\/\/www.europesays.com\/nl\/wp-json\/wp\/v2\/posts\/92374","targetHints":{"allow":["GET"]}}],"collection":[{"href":"https:\/\/www.europesays.com\/nl\/wp-json\/wp\/v2\/posts"}],"about":[{"href":"https:\/\/www.europesays.com\/nl\/wp-json\/wp\/v2\/types\/post"}],"author":[{"embeddable":true,"href":"https:\/\/www.europesays.com\/nl\/wp-json\/wp\/v2\/users\/2"}],"replies":[{"embeddable":true,"href":"https:\/\/www.europesays.com\/nl\/wp-json\/wp\/v2\/comments?post=92374"}],"version-history":[{"count":0,"href":"https:\/\/www.europesays.com\/nl\/wp-json\/wp\/v2\/posts\/92374\/revisions"}],"wp:featuredmedia":[{"embeddable":true,"href":"https:\/\/www.europesays.com\/nl\/wp-json\/wp\/v2\/media\/92375"}],"wp:attachment":[{"href":"https:\/\/www.europesays.com\/nl\/wp-json\/wp\/v2\/media?parent=92374"}],"wp:term":[{"taxonomy":"category","embeddable":true,"href":"https:\/\/www.europesays.com\/nl\/wp-json\/wp\/v2\/categories?post=92374"},{"taxonomy":"post_tag","embeddable":true,"href":"https:\/\/www.europesays.com\/nl\/wp-json\/wp\/v2\/tags?post=92374"}],"curies":[{"name":"wp","href":"https:\/\/api.w.org\/{rel}","templated":true}]}}