{"id":92482,"date":"2025-12-23T14:45:10","date_gmt":"2025-12-23T14:45:10","guid":{"rendered":"https:\/\/www.europesays.com\/nl\/92482\/"},"modified":"2025-12-23T14:45:10","modified_gmt":"2025-12-23T14:45:10","slug":"ik-heb-belgie-afgewezen-ik-had-maar-een-doel-en-dat-was-voor-nederland-uitkomen","status":"publish","type":"post","link":"https:\/\/www.europesays.com\/nl\/92482\/","title":{"rendered":"&#8216;Ik heb Belgi\u00eb afgewezen, ik had maar \u00e9\u00e9n doel en dat was voor Nederland uitkomen&#8217;"},"content":{"rendered":"<p class=\"intro\">Sam de Grand is dit seizoen in goede vorm op het tweede niveau van Belgi\u00eb bij Lommel SK. De &#8216;Belgische Nederlander&#8217; maakt dit seizoen zijn opwachting bij Jong Oranje en had afgelopen zomer de mogelijkheid om terug te keren naar Nederland, maar besloot daar vanaf te zien.<\/p>\n<p>&#8220;Ik had een beetje het gevoel dat ze me alleen wilden om de selectie te vergroten&#8221;, vertelt De Grand, die kon rekenen op interesse van een aantal Eredivisie-clubs, aan <a target=\"_self\" href=\"https:\/\/www.vi.nl\/pro\/maak-kennis-met-de-belgische-back-van-jong-oranje\" rel=\"nofollow noopener\">Voetbal International<\/a>. &#8220;Er was niet echt een plan. Ik ben nu op een leeftijd dat ik vind dat ik elke week moet voetballen en dat kan hier bij Lommel. Nu een jaar knallen hier en dan zien we het wel verder.&#8221;<\/p>\n<p>De linksback staat na zeventien wedstrijden al op zeven assists. Toch denkt hij dat het spel in de Eredivisie hem uiteindelijk beter zal liggen. &#8220;Ik denk wel dat het Nederlandse voetbal mij beter ligt dan het Belgische, maar ik wil nu vooral zo snel mogelijk naar het hoogste niveau. Ik weet ook zeker dat ik dat makkelijk aan kan&#8221;, aldus De Grand.<\/p>\n<p>De jeugdinternational speelde dit seizoen zijn eerste interlands voor Jong Oranje, ondanks dat hij meermaals werd benaderd om voor Belgi\u00eb uit te komen. &#8220;Ik ben een paar keer gevraagd om voor Belgi\u00eb te spelen, maar heb dat altijd afgewezen. Ik had maar \u00e9\u00e9n doel en dat was voor Nederland uitkomen&#8221;, vervolgt De Grand.<\/p>\n<p>Een vroege jeugdherinnering onderstreept die liefde voor Oranje. &#8220;Mijn eerste herinnering is het WK van 2010, de finale tegen Spanje. Die keken we in Alkmaar. Ik was na afloop net zo verdrietig als iedereen om me heen&#8221;, besluit De Grand.<\/p>\n<p>Check de nieuwste VP\u2019s Willem &amp; Wessel over h\u00e9t grote Feyenoord-probleem, de kwaliteiten van Grim &amp; een \u2018transferflop\u2019 met enorme potentie en nog veel meer.<\/p>\n<p>Bekijk Meer<\/p>\n","protected":false},"excerpt":{"rendered":"Sam de Grand is dit seizoen in goede vorm op het tweede niveau van Belgi\u00eb bij Lommel SK.&hellip;\n","protected":false},"author":2,"featured_media":92483,"comment_status":"","ping_status":"","sticky":false,"template":"","format":"standard","meta":{"footnotes":""},"categories":[21],"tags":[48,46,47,49,45,50,92,91],"class_list":{"0":"post-92482","1":"post","2":"type-post","3":"status-publish","4":"format-standard","5":"has-post-thumbnail","7":"category-sport","8":"tag-dutch","9":"tag-nederland","10":"tag-nederlanden","11":"tag-nederlands","12":"tag-netherlands","13":"tag-nl","14":"tag-sport","15":"tag-sports"},"share_on_mastodon":{"url":"https:\/\/pubeurope.com\/@nl\/115769424329719312","error":""},"_links":{"self":[{"href":"https:\/\/www.europesays.com\/nl\/wp-json\/wp\/v2\/posts\/92482","targetHints":{"allow":["GET"]}}],"collection":[{"href":"https:\/\/www.europesays.com\/nl\/wp-json\/wp\/v2\/posts"}],"about":[{"href":"https:\/\/www.europesays.com\/nl\/wp-json\/wp\/v2\/types\/post"}],"author":[{"embeddable":true,"href":"https:\/\/www.europesays.com\/nl\/wp-json\/wp\/v2\/users\/2"}],"replies":[{"embeddable":true,"href":"https:\/\/www.europesays.com\/nl\/wp-json\/wp\/v2\/comments?post=92482"}],"version-history":[{"count":0,"href":"https:\/\/www.europesays.com\/nl\/wp-json\/wp\/v2\/posts\/92482\/revisions"}],"wp:featuredmedia":[{"embeddable":true,"href":"https:\/\/www.europesays.com\/nl\/wp-json\/wp\/v2\/media\/92483"}],"wp:attachment":[{"href":"https:\/\/www.europesays.com\/nl\/wp-json\/wp\/v2\/media?parent=92482"}],"wp:term":[{"taxonomy":"category","embeddable":true,"href":"https:\/\/www.europesays.com\/nl\/wp-json\/wp\/v2\/categories?post=92482"},{"taxonomy":"post_tag","embeddable":true,"href":"https:\/\/www.europesays.com\/nl\/wp-json\/wp\/v2\/tags?post=92482"}],"curies":[{"name":"wp","href":"https:\/\/api.w.org\/{rel}","templated":true}]}}