{"id":92679,"date":"2025-12-23T18:26:09","date_gmt":"2025-12-23T18:26:09","guid":{"rendered":"https:\/\/www.europesays.com\/nl\/92679\/"},"modified":"2025-12-23T18:26:09","modified_gmt":"2025-12-23T18:26:09","slug":"roel-vond-na-boer-zoekt-vrouw-toch-nog-de-liefde","status":"publish","type":"post","link":"https:\/\/www.europesays.com\/nl\/92679\/","title":{"rendered":"Roel vond na Boer zoekt Vrouw toch nog de liefde"},"content":{"rendered":"<p class=\"mui-173mato e10ntc2u0\">Na een teleurstellend einde in Boer zoekt Vrouw leek Roel Bakker zonder liefde achter te blijven, maar maanden later bleek het verhaal toch anders te lopen. De boer en zijn oud-date Simone zijn alsnog een stel en vieren nu samen Kerst.<\/p>\n<p class=\"mui-173mato e10ntc2u0\">Roel deed vorig jaar mee aan Boer zoekt Vrouw, maar het avontuur eindigde zonder happy end. Tijdens de logeerweek <a rel=\"noopener noreferrer nofollow\" target=\"_blank\" class=\"mui-1i4zqbr e1bmvyuj0\" href=\"https:\/\/www.shownieuws.nl\/tv\/reality\/artikelen\/radeloze-boer-in-tranen-bij-yvon-jaspers-in-bzv\">vertrokken <\/a>alle vrouwen, waaronder Simone Regtvoort, en Roel bleef alleen achter. Toch kwamen de twee buiten de camera\u2019s opnieuw met elkaar in contact, zo blijkt uit een interview in het AD.<\/p>\n<p>Ik dacht niet: dit gaat nog goedkomen<\/p>\n<p class=\"mui-1lutz7k e1vheeoo2\">Simone Regtvoort<\/p>\n<p class=\"mui-173mato e10ntc2u0\">Tijdens de opnames leek het tussen Roel en Simone al snel te wringen. Simone voelde zich tweede keus toen Roel zijn aandacht richtte op een andere vrouw. &#8220;Daardoor werd ik terughoudend&#8221;, vertelt Simone. Uiteindelijk vertrok ze van de boerderij. &#8220;Thuis ging ik op de bank liggen en huilde van de ontlading en vermoeidheid. Ik dacht niet: dit gaat nog goedkomen.&#8221;<\/p>\n<p>De Roel van de speeddate<\/p>\n<p class=\"mui-173mato e10ntc2u0\">Ook voor Roel was die periode zwaar. In Boer zoekt Vrouw gaf hij later aan dat hij het &#8220;best moeilijk&#8221; had en sprak hij van &#8220;een behoorlijke teleurstelling dat het zo gelopen is&#8221;. In zijn omgeving werd juist gedacht dat hij inmiddels een relatie had. &#8221; Doe de groeten aan je vrouw, zeiden ze dan, terwijl ik met lege handen zat.&#8221;<\/p>\n<p class=\"mui-173mato e10ntc2u0\">Toch bleef er contact tussen Roel en Simone, alleen buiten de camera&#8217;s om. Dit deed Simone goed: ze zag weer de Roel van hun eerste ontmoeting. &#8220;Ik begon steeds meer de Roel van de speeddate te zien.&#8221; Roel merkte dat bij Simone &#8220;het slotje er weer een beetje vanaf&#8221; ging.<\/p>\n<p>Kritisch naar de verschillen gekeken<\/p>\n<p class=\"mui-173mato e10ntc2u0\">Een belangrijk moment volgde toen Simone bij Roel een aflevering van Boer zoekt Vrouw kwam kijken. &#8220;Toen je de deur opendeed, dacht ik: o jee, ik vind je weer z\u00f3 leuk&#8221;, zei Simone daarover. &#8220;Ik kwam supervrolijk thuis. Vrienden zeiden dat ze me in maanden niet zo hadden gezien.&#8221; Na de re\u00fcnie spraken de twee af en sloeg de vonk definitief over. &#8220;Toen zag ik: dit gaat goedkomen&#8221;, aldus Roel.<\/p>\n<p class=\"mui-173mato e10ntc2u0\">Lees hieronder verder&#8230;<\/p>\n<p><img alt=\"Boer zoekt Vrouw-Roel nu toch samen met Simone\" loading=\"lazy\" decoding=\"async\" data-nimg=\"fill\" class=\"mui-nacstu e1qtpq9e5\" style=\"position:absolute;height:100%;width:100%;left:0;top:0;right:0;bottom:0;color:transparent\"   src=\"https:\/\/www.europesays.com\/nl\/wp-content\/uploads\/2025\/12\/boer-zoekt-vrouw-roel-nu-toch-samen-met-simone.jpg\"\/><\/p>\n<p>1:20<\/p>\n<p>Boer zoekt Vrouw-Roel nu toch samen met Simone<\/p>\n<p class=\"mui-173mato e10ntc2u0\">Op 22 juni vroeg Roel haar officieel <a rel=\"noopener noreferrer nofollow\" target=\"_blank\" class=\"mui-1i4zqbr e1bmvyuj0\" href=\"https:\/\/www.shownieuws.nl\/tv\/reality\/artikelen\/boer-roel-nu-toch-samen-met-boer-zoekt-vrouw-deelneemster\">verkering<\/a> (zie video hierboven). Inmiddels zijn ze een halfjaar samen en vieren ze voor het eerst Kerst als stel. Waarom het nu w\u00e9l werkt? Volgens Simone komt dat doordat ze eerst kritisch naar hun verschillen keken. &#8220;En waarom het misschien n\u00ed\u00e9t zou werken.&#8221; Uiteindelijk bleken ze juist veel overeenkomsten te hebben. Ook Roel ziet dat zo. &#8220;Onze verschillen zijn niet zo groot.&#8221;<\/p>\n","protected":false},"excerpt":{"rendered":"Na een teleurstellend einde in Boer zoekt Vrouw leek Roel Bakker zonder liefde achter te blijven, maar maanden&hellip;\n","protected":false},"author":2,"featured_media":92680,"comment_status":"","ping_status":"","sticky":false,"template":"","format":"standard","meta":{"footnotes":""},"categories":[28],"tags":[99,48,98,46,47,49,45,50,124],"class_list":{"0":"post-92679","1":"post","2":"type-post","3":"status-publish","4":"format-standard","5":"has-post-thumbnail","7":"category-tv","8":"tag-amusement","9":"tag-dutch","10":"tag-entertainment","11":"tag-nederland","12":"tag-nederlanden","13":"tag-nederlands","14":"tag-netherlands","15":"tag-nl","16":"tag-tv"},"share_on_mastodon":{"url":"https:\/\/pubeurope.com\/@nl\/115770293388702134","error":""},"_links":{"self":[{"href":"https:\/\/www.europesays.com\/nl\/wp-json\/wp\/v2\/posts\/92679","targetHints":{"allow":["GET"]}}],"collection":[{"href":"https:\/\/www.europesays.com\/nl\/wp-json\/wp\/v2\/posts"}],"about":[{"href":"https:\/\/www.europesays.com\/nl\/wp-json\/wp\/v2\/types\/post"}],"author":[{"embeddable":true,"href":"https:\/\/www.europesays.com\/nl\/wp-json\/wp\/v2\/users\/2"}],"replies":[{"embeddable":true,"href":"https:\/\/www.europesays.com\/nl\/wp-json\/wp\/v2\/comments?post=92679"}],"version-history":[{"count":0,"href":"https:\/\/www.europesays.com\/nl\/wp-json\/wp\/v2\/posts\/92679\/revisions"}],"wp:featuredmedia":[{"embeddable":true,"href":"https:\/\/www.europesays.com\/nl\/wp-json\/wp\/v2\/media\/92680"}],"wp:attachment":[{"href":"https:\/\/www.europesays.com\/nl\/wp-json\/wp\/v2\/media?parent=92679"}],"wp:term":[{"taxonomy":"category","embeddable":true,"href":"https:\/\/www.europesays.com\/nl\/wp-json\/wp\/v2\/categories?post=92679"},{"taxonomy":"post_tag","embeddable":true,"href":"https:\/\/www.europesays.com\/nl\/wp-json\/wp\/v2\/tags?post=92679"}],"curies":[{"name":"wp","href":"https:\/\/api.w.org\/{rel}","templated":true}]}}