{"id":92979,"date":"2025-12-24T03:11:17","date_gmt":"2025-12-24T03:11:17","guid":{"rendered":"https:\/\/www.europesays.com\/nl\/92979\/"},"modified":"2025-12-24T03:11:17","modified_gmt":"2025-12-24T03:11:17","slug":"fenerbahce-directie-zet-streep-door-gesprek-met-psv-over-veerman","status":"publish","type":"post","link":"https:\/\/www.europesays.com\/nl\/92979\/","title":{"rendered":"&#8216;Fenerbah\u00e7e-directie zet streep door gesprek met PSV over Veerman&#8217;"},"content":{"rendered":"<p>                                            <img decoding=\"async\" class=\"\" width=\"1560\" height=\"920\" fetchpriority=\"high\" alt=\"Joey Veerman niet naar Fenerbah\u00e7e\" src=\"https:\/\/www.europesays.com\/nl\/wp-content\/uploads\/2025\/12\/1766545877_144_q=90,g=auto,fit=contain,compression=fast,w=1560,h=920.jpeg\"\/><br \/>\n                                                                                                                                Foto: \u00a9 Imago\/realtimes <\/p>\n<p>                            &#8221; href=&#8221;https:\/\/www.fcupdate.nl\/voetballers\/joey-veerman&#8221;&gt;Joey\u00a0Veerman naar <a href=\"https:\/\/www.fcupdate.nl\/voetbalteams\/turkije\/fenerbahce\" rel=\"nofollow noopener\" target=\"_blank\">Fenerbah\u00e7e<\/a> heeft vertraging opgelopen, zo meldt Samet \u00c7ay\u0131r dinsdagmiddag op X. De transferjournalist \u2013 die als eerste melding maakte van de perikelen rondom de <a href=\"https:\/\/www.fcupdate.nl\/voetbalteams\/nederland\/psv\" rel=\"nofollow noopener\" target=\"_blank\">PSV<\/a>-middenvelder \u2013 weet dat de directie van de club uit Istanbul hun vlucht naar Eindhoven heeft geannuleerd.<\/p>\n<p>Ertan Toruno\u011fullar\u0131, directeur voetbalzaken van Fenerbah\u00e7e, en technisch directeur Devin \u00d6zek zouden volgens de journalist woensdag afreizen naar Eindhoven om te onderhandelen over Veerman. Daar is (voorlopig) een streep doorheen gegaan. Dit heeft mogelijk te maken met het onderzoek dat loopt naar voorzitter Sadettin Saran, die door justitie is gehoord in een onderzoek naar <a target=\"_blank\" href=\"https:\/\/www.fcupdate.nl\/voetbalnieuws\/2025\/12\/justitieel-onderzoek-vertraagt-transfer-veerman-deal-voor-jaarwisseling-verwacht\" tt-mode=\"url\" rel=\"nofollow noopener\">mogelijke drugshandel.<\/a><\/p>\n<p>            Artikel gaat verder onder video<\/p>\n<p>Eerder werd al gemeld dat de transfer van Veerman hierdoor vertraging zou kunnen oplopen. \u00c7ay\u0131r meldt nu niet alleen dat de vlucht naar Eindhoven is geannuleerd, maar ook dat Fener kijkt naar alternatieven voor de PSV-middenvelder. Om welke namen het precies gaat, is vooralsnog niet duidelijk.<\/p>\n<p>Veerman wordt de afgelopen weken nadrukkelijk in verband gebracht met een vertrek bij PSV. De middenvelder, die een gelimiteerde afkoopsom van naar verluidt 23 miljoen euro in zijn contract heeft staan, staat zelf open voor een overstap. Volgens De Telegraaf zouden Kodai Sano (NEC) en Stije Resink (FC Groningen) al als mogelijke vervangers <a target=\"_blank\" href=\"https:\/\/www.fcupdate.nl\/voetbalnieuws\/2025\/12\/psv-heeft-naast-sano-nog-drie-kandidaten-om-veerman-op-te-volgen\" tt-mode=\"url\" rel=\"nofollow noopener\">zijn ge\u00efdentificeerd.<\/a><\/p>\n<blockquote class=\"twitter-tweet\">\n<p lang=\"tr\" dir=\"ltr\">\ud83d\udea8 Fenerbah\u00e7e Futbol \u015eube Sorumlusu Ertan Toruno\u011fullar\u0131 ve Futbol Direkt\u00f6r\u00fc Devin \u00d6zek&#8217;in yar\u0131n Veerman transferi i\u00e7in Hollanda&#8217;da olmas\u0131 planlan\u0131yordu. Ancak \u015fu anda bu seyahat planlamas\u0131 ask\u0131ya al\u0131nd\u0131. <a href=\"https:\/\/t.co\/8HcOr95WIs\" rel=\"nofollow\">https:\/\/t.co\/8HcOr95WIs<\/a><\/p>\n<p>\u2014 Samet \u00c7ay\u0131r (@Sametcayir) <a href=\"https:\/\/twitter.com\/Sametcayir\/status\/2003418992237772812?ref_src=twsrc%5Etfw\" rel=\"nofollow noopener\" target=\"_blank\">December 23, 2025<\/a><\/p><\/blockquote>\n<p>                                                                            <script async src=\"https:\/\/platform.twitter.com\/widgets.js\" charset=\"utf-8\"><\/script><\/p>\n","protected":false},"excerpt":{"rendered":"Foto: \u00a9 Imago\/realtimes &#8221; href=&#8221;https:\/\/www.fcupdate.nl\/voetballers\/joey-veerman&#8221;&gt;Joey\u00a0Veerman naar Fenerbah\u00e7e heeft vertraging opgelopen, zo meldt Samet \u00c7ay\u0131r dinsdagmiddag op X. De&hellip;\n","protected":false},"author":2,"featured_media":92980,"comment_status":"","ping_status":"","sticky":false,"template":"","format":"standard","meta":{"footnotes":""},"categories":[21],"tags":[20589,48,445,165,20588,6689,12002,235,46,47,49,45,50,170,20590,92,91,7009,2638,167,234],"class_list":{"0":"post-92979","1":"post","2":"type-post","3":"status-publish","4":"format-standard","5":"has-post-thumbnail","7":"category-sport","8":"tag-devin-ozek","9":"tag-dutch","10":"tag-eindhoven","11":"tag-eredivisie","12":"tag-ertan-torunogullari","13":"tag-fenerbahce","14":"tag-joey-veerman","15":"tag-laatste-voetbalnieuws","16":"tag-nederland","17":"tag-nederlanden","18":"tag-nederlands","19":"tag-netherlands","20":"tag-nl","21":"tag-psv","22":"tag-sadettin-saran","23":"tag-sport","24":"tag-sports","25":"tag-super-lig","26":"tag-transfer","27":"tag-voetbal","28":"tag-voetbalnieuws"},"share_on_mastodon":{"url":"https:\/\/pubeurope.com\/@nl\/115772357707267260","error":""},"_links":{"self":[{"href":"https:\/\/www.europesays.com\/nl\/wp-json\/wp\/v2\/posts\/92979","targetHints":{"allow":["GET"]}}],"collection":[{"href":"https:\/\/www.europesays.com\/nl\/wp-json\/wp\/v2\/posts"}],"about":[{"href":"https:\/\/www.europesays.com\/nl\/wp-json\/wp\/v2\/types\/post"}],"author":[{"embeddable":true,"href":"https:\/\/www.europesays.com\/nl\/wp-json\/wp\/v2\/users\/2"}],"replies":[{"embeddable":true,"href":"https:\/\/www.europesays.com\/nl\/wp-json\/wp\/v2\/comments?post=92979"}],"version-history":[{"count":0,"href":"https:\/\/www.europesays.com\/nl\/wp-json\/wp\/v2\/posts\/92979\/revisions"}],"wp:featuredmedia":[{"embeddable":true,"href":"https:\/\/www.europesays.com\/nl\/wp-json\/wp\/v2\/media\/92980"}],"wp:attachment":[{"href":"https:\/\/www.europesays.com\/nl\/wp-json\/wp\/v2\/media?parent=92979"}],"wp:term":[{"taxonomy":"category","embeddable":true,"href":"https:\/\/www.europesays.com\/nl\/wp-json\/wp\/v2\/categories?post=92979"},{"taxonomy":"post_tag","embeddable":true,"href":"https:\/\/www.europesays.com\/nl\/wp-json\/wp\/v2\/tags?post=92979"}],"curies":[{"name":"wp","href":"https:\/\/api.w.org\/{rel}","templated":true}]}}