{"id":93292,"date":"2025-12-24T11:39:16","date_gmt":"2025-12-24T11:39:16","guid":{"rendered":"https:\/\/www.europesays.com\/nl\/93292\/"},"modified":"2025-12-24T11:39:16","modified_gmt":"2025-12-24T11:39:16","slug":"nieuwe-tsjechische-minister-van-defensie-mag-niet-meer-over-oekraine-spreken","status":"publish","type":"post","link":"https:\/\/www.europesays.com\/nl\/93292\/","title":{"rendered":"Nieuwe Tsjechische minister van Defensie mag niet meer over Oekra\u00efne spreken"},"content":{"rendered":"<p><img alt=\"\" decoding=\"async\" loading=\"eager\" src=\"https:\/\/www.europesays.com\/nl\/wp-content\/uploads\/2025\/12\/1766576353_144_1024x576a.jpg\" class=\"sc-bcb3b750-1 cULYcE\"\/>AFPMinister Zuna bij zijn be\u00ebdiging als minister van Defensie vorige week<\/p>\n<p>NOS Nieuws\u2022vandaag, 12:05<\/p>\n<ul data-sentry-element=\"List\" data-sentry-source-file=\"Bios.tsx\" class=\"sc-5a4c6157-2 BEKFl\">\n<li class=\"sc-5a4c6157-0 hlPakX\"><img alt=\"\" decoding=\"async\" loading=\"lazy\" src=\"https:\/\/www.europesays.com\/nl\/wp-content\/uploads\/2025\/09\/1758564788_134_bio_medium.jpg\" class=\"sc-bcb3b750-1 cULYcE\"\/>\n<p data-sentry-element=\"Name\" data-sentry-source-file=\"NameAndDescription.tsx\" class=\"sc-87f09551-1 AgcKJ\">Chiem Balduk<\/p>\n<p class=\"sc-87f09551-2 jvtcnd\">correspondent Midden-Europa<\/p>\n<\/li>\n<\/ul>\n<ul data-sentry-element=\"SlideContainer\" data-sentry-source-file=\"Carousel.tsx\" class=\"sc-1f721a4b-2 kSTOcb\">\n<li class=\"sc-5a4c6157-0 hlPakX\"><img alt=\"\" decoding=\"async\" loading=\"lazy\" src=\"https:\/\/www.europesays.com\/nl\/wp-content\/uploads\/2025\/09\/1758564788_134_bio_medium.jpg\" class=\"sc-bcb3b750-1 cULYcE\"\/>\n<p data-sentry-element=\"Name\" data-sentry-source-file=\"NameAndDescription.tsx\" class=\"sc-87f09551-1 AgcKJ\">Chiem Balduk<\/p>\n<p class=\"sc-87f09551-2 jvtcnd\">correspondent Midden-Europa<\/p>\n<\/li>\n<\/ul>\n<p class=\"sc-2ea02837-0 fedhGB\" id=\"233114691900368\">De Tsjechische minister van Defensie mag zich voortaan niet meer uitlaten over Oekra\u00efne. Alleen uitspraken over het eigen leger zijn toegestaan. Dat is de uitkomst van overleg in de eerste regeringscrisis van de nieuwe rechts-populistische coalitie van Andrej Babis.<\/p>\n<p class=\"sc-2ea02837-0 fedhGB\" id=\"350392082426557\">De onrust begon afgelopen vrijdag, toen de kersverse minister Jarom\u00edr Zuna van Defensie zijn steun aan Oekra\u00efne uitsprak. &#8220;Oekra\u00efne is een land dat zich verdedigt, Rusland is de agressor&#8221;, zei hij daarover. Dat waren feitelijke en weinig omstreden woorden, die op brede steun kunnen rekenen in het pro-Oekra\u00efense Tsjechi\u00eb, maar niet binnen Zuna&#8217;s eigen partij.<\/p>\n<p class=\"sc-2ea02837-0 fedhGB\" id=\"70820145424205\">Zijn uiterst-rechtse en pro-Russische SPD vormt samen met de eveneens uiterst-rechtse Motoristen en het populistische ANO van Babis sinds deze maand een coalitie. De SPD voerde campagne tegen steun aan Kyiv, wil Oekra\u00efense vluchtelingen deporteren en ziet Tsjechi\u00eb het liefst vertrekken uit de EU en de NAVO.<\/p>\n<p class=\"sc-2ea02837-0 fedhGB\" id=\"662810073350110\">In ruil voor regeringsdeelname liet de SPD zijn meest radicale standpunten varen. Ook schoof de partij &#8216;onafhankelijke experts&#8217; naar voren als minister, in plaats van eigen partijprominenten met een radicaler profiel. Zo werd de luitenant-generaal Zuna minister van Defensie en ook vicepremier namens de SPD.<\/p>\n<p>Munitie-initiatief<\/p>\n<p class=\"sc-2ea02837-0 fedhGB\" id=\"350365264831943\">Zuna leek de bestaande steun aan Oekra\u00efne te willen voortzetten, tot opluchting van de rest van Europa. Tsjechi\u00eb leidt een belangrijk initiatief waarbij het als tussenpersoon optreedt tussen Oekra\u00efne en leveranciers van munitie. Zo blijft de afzender anoniem, bijvoorbeeld omdat die banden met Rusland onderhoudt. Het initiatief heeft dit jaar naar schatting 1,8 miljoen stuks artilleriegranaten opgeleverd.<\/p>\n<p class=\"sc-2ea02837-0 fedhGB\" id=\"855190358265812\">Tsjechi\u00eb betaalt zelf relatief weinig aan het project, maar ontvangt wel belastinginkomsten uit de munitiehandel. Zuna steunt het project, maar zijn eigen partij is tegen. Partijleider Okamura, een Japans-Tsjechische ondernemer, wil dat &#8220;geen enkele cent van Tsjechische burgers&#8221; meer naar wapens voor Oekra\u00efne gaat.<\/p>\n<p class=\"sc-2ea02837-0 fedhGB\" id=\"670039911222752\">Ook Zuna&#8217;s aangekondigde reis naar Oekra\u00efne en de aankondiging om Amerikaanse gevechtsvliegtuigen te kopen, leidden tot onrust binnen de partij. In een crisisoverleg van drie uur werd besloten dat Zuna mag aanblijven, zolang hij zich niet meer uitlaat over deze onderwerpen. Alleen premier Babis mag over Oekra\u00efne spreken. De reis naar Kyiv is afgeblazen.<\/p>\n<p>Monddood gemaakt<\/p>\n<p class=\"sc-2ea02837-0 fedhGB\" id=\"622272404425273\">De minister en vicepremier lijkt monddood gemaakt. Tsjechische journalisten krijgen geen contact meer met hem, zijn account op X is verwijderd. Wel verscheen hij in een video waarin hij de SPD-fractievoorzitter beloofde niet naar Oekra\u00efne te reizen. &#8220;Met de blik van een krijgsgevangene&#8221;, oordeelde de krant Denik N.<\/p>\n<p><img alt=\"\" decoding=\"async\" loading=\"lazy\" src=\"https:\/\/www.europesays.com\/nl\/wp-content\/uploads\/2025\/12\/1766576355_804_1024x576a.jpg\" class=\"sc-bcb3b750-1 cULYcE\"\/>Instagram&#8221;Ik heb besloten niet naar Oekra\u00efne te reizen&#8221; zegt Zuna in dit Instagramfilmpje van de partij<\/p>\n<p class=\"sc-2ea02837-0 fedhGB\" id=\"291874569007558\">Voor het munitie-initiatief lijkt een kosmetisch compromis bedacht. Het project zou voortaan niet meer onder het ministerie van Defensie vallen, zodat het niet meer de vingerafdruk van de SPD draagt.<\/p>\n<p>Strijd om ministers<\/p>\n<p class=\"sc-2ea02837-0 fedhGB\" id=\"718155282653427\">Daarmee is, kort voor Kerstmis, de rust weergekeerd in de nieuwe Tsjechische regering. De totstandkoming daarvan ging aanvankelijk soepel: al een maand na de verkiezingen werd een voorlopig regeerakkoord <a data-tracking=\"elementType=page|elementId=https:\/\/nos.nl\/artikel\/2589038-regeerakkoord-in-tsjechie-babis-in-zee-met-uiterst-rechtse-partijen|eventType=navigation|eventName=open\" target=\"_self\" href=\"https:\/\/nos.nl\/artikel\/2589038-regeerakkoord-in-tsjechie-babis-in-zee-met-uiterst-rechtse-partijen\" rel=\"nofollow noopener\">gepresenteerd<\/a>. Daarna volgde een lange strijd om de ministersposten, die nog altijd niet volledig is beslecht.<\/p>\n<p class=\"sc-2ea02837-0 fedhGB\" id=\"874396169254875\">President Pavel, die tot de huidige oppositie behoort, weigert de leider van de Motoristen te benoemen tot minister van Milieu. Aanleiding zijn racistische, antisemitische en homofobe Facebookberichten van deze Filip Turek. Daarmee keert hij zich tegen de democratische orde, stelt Pavel. Voorlopig doet de minister van Buitenlandse Zaken de milieuportefeuille erbij.<\/p>\n<p><img alt=\"\" decoding=\"async\" loading=\"lazy\" src=\"https:\/\/www.europesays.com\/nl\/wp-content\/uploads\/2025\/12\/1766576356_930_1024x576a.jpg\" class=\"sc-bcb3b750-1 cULYcE\"\/>ReutersDe nieuwe Tsjechische regering, met premier Babis als tweede van links op de eerste rij<\/p>\n<p class=\"sc-2ea02837-0 fedhGB\" id=\"769846696404307\">Ook de benoeming van Babis tot premier liep vertraging op, omdat de president eiste dat hij afstand zou doen van zijn meer dan 200 bedrijven. Dat was nodig om belangenverstrengeling te voorkomen. Inmiddels heeft Babis zijn bedrijven ondergebracht in een trustfonds.<\/p>\n<p class=\"sc-2ea02837-0 fedhGB\" id=\"56069846491106\">Na de feestdagen hoopt de regering-Babis daadwerkelijk van start te gaan en het definitieve regeerakkoord te presenteren. Dan wordt ook duidelijk in hoeverre Tsjechi\u00eb Oekra\u00efne zal blijven steunen. Minister Zuna zal zich er in ieder geval niet over uitlaten.<\/p>\n","protected":false},"excerpt":{"rendered":"AFPMinister Zuna bij zijn be\u00ebdiging als minister van Defensie vorige week NOS Nieuws\u2022vandaag, 12:05 Chiem Balduk correspondent Midden-Europa&hellip;\n","protected":false},"author":2,"featured_media":93293,"comment_status":"","ping_status":"","sticky":false,"template":"","format":"standard","meta":{"footnotes":""},"categories":[15],"tags":[11436,39,40,48,43,44,34,35,41,42,46,47,49,45,32,33,50,321,36,37,4258,38,67,64,65,66,20629],"class_list":{"0":"post-93292","1":"post","2":"type-post","3":"status-publish","4":"format-standard","5":"has-post-thumbnail","7":"category-wereld","8":"tag-babis","9":"tag-breaking-news","10":"tag-breakingnews","11":"tag-dutch","12":"tag-featured-news","13":"tag-featurednews","14":"tag-headlines","15":"tag-hoofdpunten","16":"tag-latest-news","17":"tag-latestnews","18":"tag-nederland","19":"tag-nederlanden","20":"tag-nederlands","21":"tag-netherlands","22":"tag-news","23":"tag-nieuws","24":"tag-nl","25":"tag-oekraine","26":"tag-top-stories","27":"tag-topstories","28":"tag-tsjechie","29":"tag-voorpaginanieuws","30":"tag-wereld","31":"tag-world","32":"tag-world-news","33":"tag-worldnews","34":"tag-zuna"},"share_on_mastodon":{"url":"https:\/\/pubeurope.com\/@nl\/115774355601236997","error":""},"_links":{"self":[{"href":"https:\/\/www.europesays.com\/nl\/wp-json\/wp\/v2\/posts\/93292","targetHints":{"allow":["GET"]}}],"collection":[{"href":"https:\/\/www.europesays.com\/nl\/wp-json\/wp\/v2\/posts"}],"about":[{"href":"https:\/\/www.europesays.com\/nl\/wp-json\/wp\/v2\/types\/post"}],"author":[{"embeddable":true,"href":"https:\/\/www.europesays.com\/nl\/wp-json\/wp\/v2\/users\/2"}],"replies":[{"embeddable":true,"href":"https:\/\/www.europesays.com\/nl\/wp-json\/wp\/v2\/comments?post=93292"}],"version-history":[{"count":0,"href":"https:\/\/www.europesays.com\/nl\/wp-json\/wp\/v2\/posts\/93292\/revisions"}],"wp:featuredmedia":[{"embeddable":true,"href":"https:\/\/www.europesays.com\/nl\/wp-json\/wp\/v2\/media\/93293"}],"wp:attachment":[{"href":"https:\/\/www.europesays.com\/nl\/wp-json\/wp\/v2\/media?parent=93292"}],"wp:term":[{"taxonomy":"category","embeddable":true,"href":"https:\/\/www.europesays.com\/nl\/wp-json\/wp\/v2\/categories?post=93292"},{"taxonomy":"post_tag","embeddable":true,"href":"https:\/\/www.europesays.com\/nl\/wp-json\/wp\/v2\/tags?post=93292"}],"curies":[{"name":"wp","href":"https:\/\/api.w.org\/{rel}","templated":true}]}}