{"id":93363,"date":"2025-12-24T13:07:13","date_gmt":"2025-12-24T13:07:13","guid":{"rendered":"https:\/\/www.europesays.com\/nl\/93363\/"},"modified":"2025-12-24T13:07:13","modified_gmt":"2025-12-24T13:07:13","slug":"twee-politieagenten-gedood-bij-explosie-in-moskou-twee-dagen-na-aanslag-op-russische-generaal","status":"publish","type":"post","link":"https:\/\/www.europesays.com\/nl\/93363\/","title":{"rendered":"Twee politieagenten gedood bij explosie in Moskou, twee dagen na aanslag op Russische generaal"},"content":{"rendered":"<p>Drie personen, onder wie twee politieagenten, zijn woensdag omgekomen door een ontploffing in het zuiden van de Russische hoofdstad Moskou. Dat melden Russische staatsmedia, <a href=\"https:\/\/tass.ru\/proisshestviya\/26002935\" rel=\"nofollow noopener\" target=\"_blank\">waaronder Tass<\/a>. De explosie was dichtbij de plek waar maandagmorgen een Russische generaal werd gedood door een bom onder zijn auto.<\/p>\n<p>Volgens Tass zagen twee verkeerspolitieagenten in de nacht van 23 op 24 december een \u201everdachte persoon\u201d bij een politieauto. Toen zij de man benaderden om hem aan te houden, zou hij een explosief tot ontploffing hebben gebracht. Beide agenten overleden aan hun verwondingen. Ook de persoon die het explosief plaatste is omgekomen. Over zijn motief is nog niets bekendgemaakt.<\/p>\n<p>Moordaanslag op generaal<\/p>\n<p>De dodelijke ontploffing volgt twee dagen na de moordaanslag op generaal Fanil Sarvarov, die hoofd operationele opleidingen was binnen het Russische leger. Hij werd maandag gedood met een autobom. Russische autoriteiten suggereerden dat Oekra\u00efne achter die aanslag zou zitten, maar van Oekra\u00efense zijde is geen offici\u00eble reactie gekomen.<\/p>\n<p>Op de Oekra\u00efense website Myrotvorets, een onoffici\u00eble databank met vermeende oorlogsmisdadigers en collaborateurs, en banden met de Oekra\u00efense veiligheidsdiensten, is de vermelding over Sarvarov aangepast met de mededeling dat hij is \u201egeliquideerd\u201d.<\/p>\n<p>Sinds de Russische invasie van Oekra\u00efne in 2022 komen gerichte aanslagen op hooggeplaatste Russische functionarissen vaker voor. In het voorjaar kwam militair officier Jaroslav Moskalik in Moskou op vergelijkbare wijze om het leven. Eerder stierf ook legerfunctionaris Igor Kirillov door een explosief dat was bevestigd aan een elektrische step.<\/p>\n<p>Geef cadeau<\/p>\n<p>Deel<\/p>\n<p>Mail de redactie<\/p>\n<p><a aria-label=\"The Trust Project, lees meer over de journalistieke principes van NRC\" class=\"trust__message\" href=\"http:\/\/www.nrc.nl\/over-ons\/#principes\" rel=\"nofollow noopener\" target=\"_blank\"><\/p>\n<p>\tDe journalistieke principes van NRC<br \/>\n<\/a> <\/p>\n","protected":false},"excerpt":{"rendered":"Drie personen, onder wie twee politieagenten, zijn woensdag omgekomen door een ontploffing in het zuiden van de Russische&hellip;\n","protected":false},"author":2,"featured_media":93364,"comment_status":"","ping_status":"","sticky":false,"template":"","format":"standard","meta":{"footnotes":""},"categories":[15],"tags":[39,40,48,43,44,34,35,41,42,46,47,49,45,32,33,50,36,37,38,67,64,65,66],"class_list":{"0":"post-93363","1":"post","2":"type-post","3":"status-publish","4":"format-standard","5":"has-post-thumbnail","7":"category-wereld","8":"tag-breaking-news","9":"tag-breakingnews","10":"tag-dutch","11":"tag-featured-news","12":"tag-featurednews","13":"tag-headlines","14":"tag-hoofdpunten","15":"tag-latest-news","16":"tag-latestnews","17":"tag-nederland","18":"tag-nederlanden","19":"tag-nederlands","20":"tag-netherlands","21":"tag-news","22":"tag-nieuws","23":"tag-nl","24":"tag-top-stories","25":"tag-topstories","26":"tag-voorpaginanieuws","27":"tag-wereld","28":"tag-world","29":"tag-world-news","30":"tag-worldnews"},"share_on_mastodon":{"url":"https:\/\/pubeurope.com\/@nl\/115774701136737323","error":""},"_links":{"self":[{"href":"https:\/\/www.europesays.com\/nl\/wp-json\/wp\/v2\/posts\/93363","targetHints":{"allow":["GET"]}}],"collection":[{"href":"https:\/\/www.europesays.com\/nl\/wp-json\/wp\/v2\/posts"}],"about":[{"href":"https:\/\/www.europesays.com\/nl\/wp-json\/wp\/v2\/types\/post"}],"author":[{"embeddable":true,"href":"https:\/\/www.europesays.com\/nl\/wp-json\/wp\/v2\/users\/2"}],"replies":[{"embeddable":true,"href":"https:\/\/www.europesays.com\/nl\/wp-json\/wp\/v2\/comments?post=93363"}],"version-history":[{"count":0,"href":"https:\/\/www.europesays.com\/nl\/wp-json\/wp\/v2\/posts\/93363\/revisions"}],"wp:featuredmedia":[{"embeddable":true,"href":"https:\/\/www.europesays.com\/nl\/wp-json\/wp\/v2\/media\/93364"}],"wp:attachment":[{"href":"https:\/\/www.europesays.com\/nl\/wp-json\/wp\/v2\/media?parent=93363"}],"wp:term":[{"taxonomy":"category","embeddable":true,"href":"https:\/\/www.europesays.com\/nl\/wp-json\/wp\/v2\/categories?post=93363"},{"taxonomy":"post_tag","embeddable":true,"href":"https:\/\/www.europesays.com\/nl\/wp-json\/wp\/v2\/tags?post=93363"}],"curies":[{"name":"wp","href":"https:\/\/api.w.org\/{rel}","templated":true}]}}