{"id":93380,"date":"2025-12-24T13:25:17","date_gmt":"2025-12-24T13:25:17","guid":{"rendered":"https:\/\/www.europesays.com\/nl\/93380\/"},"modified":"2025-12-24T13:25:17","modified_gmt":"2025-12-24T13:25:17","slug":"martijn-krabbes-nieuwe-contract-bij-rtl-loopt-een-jaar-risicovol","status":"publish","type":"post","link":"https:\/\/www.europesays.com\/nl\/93380\/","title":{"rendered":"Martijn Krabb\u00e9\u2019s nieuwe contract bij RTL loopt \u00e9\u00e9n jaar: \u2018Risicovol\u2019"},"content":{"rendered":"<p>Het nieuwe contract dat Martijn Krabb\u00e9 deze maand tekende bij RTL 4 kent een looptijd van \u00e9\u00e9n jaar. Langer durfden zijn bazen Peter van der Vorst en Sven Sauv\u00e9 het niet aan. \u201cRisicovol.\u201d<\/p>\n<p>        Door onze entertainmentredactie<\/p>\n<p>        <img fetchpriority=\"high\" decoding=\"async\" width=\"1280\" height=\"720\" src=\"https:\/\/www.europesays.com\/nl\/wp-content\/uploads\/2025\/12\/1223-Martijn-Krabbe.jpg\" class=\"attachment-post-thumbnail size-post-thumbnail wp-post-image\" alt=\"Martijn Krabb\u00e9\"  \/>        \u00a9 RTL    <\/p>\n<p>Martijn Krabb\u00e9 heeft aan het begin van deze maand een <a href=\"https:\/\/www.mediacourant.nl\/2025\/12\/martijn-krabbe-lijkt-stabiel-tekent-nieuw-contract-bij-rtl-joepie\/\" rel=\"nofollow noopener\" target=\"_blank\">nieuw contract<\/a> getekend bij RTL. Dat wekte her en der <a href=\"https:\/\/www.mediacourant.nl\/2025\/12\/martijn-krabbes-nieuwe-contract-wekt-verbazing-wie-snapt-dit\/\" rel=\"nofollow noopener\" target=\"_blank\">verbazing<\/a>, omdat veel mensen niet hadden verwacht dat de presentator nu \u00fcberhaupt nog zou leven. Toen de presentator medio januari bekendmaakte ongeneeslijk ziek te zijn, klonk het alsof zijn laatste maanden waren ingegaan.<\/p>\n<p>Eenjarig contract<\/p>\n<p>Gelukkig is Martijn nog onder ons en blijft hij voorlopig dus nog verbonden aan de familiezender. \u201cHet is natuurlijk \u00fcberhaupt al een mirakel dat ik een nieuw contract heb gekregen\u201d, zegt hij in <a href=\"https:\/\/www.rtl.nl\/programma\/5523298\/rtl-tonight\" rel=\"nofollow noopener\" target=\"_blank\">RTL Tonight<\/a>, dat gisteren volledig in het teken stond van Humberto Tans een-op-een-interview met zijn tv-collega.<\/p>\n<p>Voor hoe lang? \u201cWeliswaar maar voor een jaar \u2014 langer durfden ze denk ik geen risico te nemen, en terecht \u2014 maar het is natuurlijk heel apart dat iemand die dus een hersenbloeding heeft gehad door een van de uitzaaiingen, een oedeem ofzo heet dat, dat die gewoon een contract krijgt als voice-over.\u201d<\/p>\n<p>Risicovol<\/p>\n<p>Het is dan ook best risicovol, benadrukt Martijn. \u201cWant de kans dat ik op een gegeven moment niet meer kan praten is aanwezig. En dan krijg ik gewoon een contract als voice-over.\u201d<\/p>\n<p>Ondanks dit lichtpuntje gaat het nog altijd bergafwaarts met de presentator. \u201cIk kan ook heel veel dingen niet onthouden en ik ben heel vaak verward. Daarom zit onder andere mijn lieve vrouw er ook bij vanavond, vooral ook voor als ik iets raars zeg of als ik iets vergeet of als ik bepaalde dingen door elkaar haal.\u201d<\/p>\n","protected":false},"excerpt":{"rendered":"Het nieuwe contract dat Martijn Krabb\u00e9 deze maand tekende bij RTL 4 kent een looptijd van \u00e9\u00e9n jaar.&hellip;\n","protected":false},"author":2,"featured_media":93381,"comment_status":"","ping_status":"","sticky":false,"template":"","format":"standard","meta":{"footnotes":""},"categories":[31],"tags":[99,147,48,98,415,46,47,49,45,50,284],"class_list":{"0":"post-93380","1":"post","2":"type-post","3":"status-publish","4":"format-standard","5":"has-post-thumbnail","7":"category-celebrities","8":"tag-amusement","9":"tag-celebrities","10":"tag-dutch","11":"tag-entertainment","12":"tag-martijn-krabbe","13":"tag-nederland","14":"tag-nederlanden","15":"tag-nederlands","16":"tag-netherlands","17":"tag-nl","18":"tag-peter-van-der-vorst"},"share_on_mastodon":{"url":"https:\/\/pubeurope.com\/@nl\/115774772034208535","error":""},"_links":{"self":[{"href":"https:\/\/www.europesays.com\/nl\/wp-json\/wp\/v2\/posts\/93380","targetHints":{"allow":["GET"]}}],"collection":[{"href":"https:\/\/www.europesays.com\/nl\/wp-json\/wp\/v2\/posts"}],"about":[{"href":"https:\/\/www.europesays.com\/nl\/wp-json\/wp\/v2\/types\/post"}],"author":[{"embeddable":true,"href":"https:\/\/www.europesays.com\/nl\/wp-json\/wp\/v2\/users\/2"}],"replies":[{"embeddable":true,"href":"https:\/\/www.europesays.com\/nl\/wp-json\/wp\/v2\/comments?post=93380"}],"version-history":[{"count":0,"href":"https:\/\/www.europesays.com\/nl\/wp-json\/wp\/v2\/posts\/93380\/revisions"}],"wp:featuredmedia":[{"embeddable":true,"href":"https:\/\/www.europesays.com\/nl\/wp-json\/wp\/v2\/media\/93381"}],"wp:attachment":[{"href":"https:\/\/www.europesays.com\/nl\/wp-json\/wp\/v2\/media?parent=93380"}],"wp:term":[{"taxonomy":"category","embeddable":true,"href":"https:\/\/www.europesays.com\/nl\/wp-json\/wp\/v2\/categories?post=93380"},{"taxonomy":"post_tag","embeddable":true,"href":"https:\/\/www.europesays.com\/nl\/wp-json\/wp\/v2\/tags?post=93380"}],"curies":[{"name":"wp","href":"https:\/\/api.w.org\/{rel}","templated":true}]}}