{"id":93414,"date":"2025-12-24T14:32:14","date_gmt":"2025-12-24T14:32:14","guid":{"rendered":"https:\/\/www.europesays.com\/nl\/93414\/"},"modified":"2025-12-24T14:32:14","modified_gmt":"2025-12-24T14:32:14","slug":"rik-van-de-westelaken-vindt-twee-keer-wie-is-de-mol-per-jaar-te-veel","status":"publish","type":"post","link":"https:\/\/www.europesays.com\/nl\/93414\/","title":{"rendered":"Rik van de Westelaken vindt twee keer Wie Is de Mol? per jaar te veel"},"content":{"rendered":"<p>Het jubileumseizoen van\u00a0<a href=\"https:\/\/www.tvgids.nl\/collectie\/wie-is-de-mol\" rel=\"nofollow noopener\" target=\"_blank\">Wie Is de Mol?<\/a> is pas net afgelopen, maar in februari start er alweer een nieuw (regulier) seizoen. Dat is natuurlijk hartstikke leuk voor de fans, maar volgens <a href=\"https:\/\/www.tvgids.nl\/tag\/rik-van-de-westelaken\" rel=\"nofollow noopener\" target=\"_blank\">Rik van de Westlaken<\/a> te veel.\u00a0<\/p>\n<p>&#13;<\/p>\n<p>Dat vertelt <a href=\"https:\/\/www.tvgids.nl\/tag\/rik-van-de-westelaken\" target=\"_self\" rel=\"nofollow noopener\">de presentator<\/a> aan De Telegraaf.  <\/p>\n<p>Wie Is de Mol?<\/p>\n<p>Molloten kunnen geen genoeg krijgen van <a href=\"https:\/\/www.tvgids.nl\/collectie\/wie-is-de-mol\" target=\"_self\" rel=\"nofollow noopener\">het programma<\/a> en zouden het liefst het hele jaar door willen puzzelen om saboteurs te ontmaskeren, maar dat ziet <a href=\"https:\/\/www.tvgids.nl\/tag\/rik-van-de-westelaken\" target=\"_self\" rel=\"nofollow noopener\">Rik van de Westelaken<\/a> absoluut niet zitten. <\/p>\n<p>Op de vraag van journalist Max van den Broek of het niet een beetje veel is dat <a href=\"https:\/\/www.tvgids.nl\/collectie\/wie-is-de-mol\" target=\"_self\" rel=\"nofollow noopener\">het programma<\/a> eind februari alw\u00e9\u00e9r te zien is, antwoordt <a href=\"https:\/\/www.tvgids.nl\/tag\/rik-van-de-westelaken\" target=\"_self\" rel=\"nofollow noopener\">Rik<\/a> bevestigend. &#8220;Heel eerlijk gezegd ben ik het daarmee eens. Dat is echt iets wat ik al heel lang voel.&#8221; <\/p>\n<p><a href=\"https:\/\/www.tvgids.nl\/collectie\/wie-is-de-mol\" target=\"_self\" rel=\"nofollow noopener\">Lees hier alles over WIDM<\/a> <\/p>\n<p>Rik van de Westelaken<\/p>\n<p>Collega-presentator <a href=\"https:\/\/www.tvgids.nl\/tag\/gilles-de-coster\" target=\"_self\" rel=\"nofollow noopener\">Gilles de Coster<\/a> van De Mol in Belgi\u00eb heeft ooit tegen hem gezegd dat er eigenlijk maar \u00e9\u00e9n seizoen in de twee jaar gemaakt zou moeten worden om de mensen &#8216;gretig te houden&#8217;, maar dat vindt <a href=\"https:\/\/www.tvgids.nl\/tag\/rik-van-de-westelaken\" target=\"_self\" rel=\"nofollow noopener\">Rik<\/a> dan weer te weinig. &#8220;Ik zou \u00e9\u00e9n seizoen per jaar doen. Dat lijkt me voor iedereen het beste.&#8221; <\/p>\n<p>Wanneer is Wie Is de Mol? weer te zien op tv?<\/p>\n<p><a href=\"https:\/\/www.tvgids.nl\/collectie\/wie-is-de-mol\" target=\"_self\" rel=\"nofollow noopener\">Wie Is de Mol?<\/a> is vanaf 28 februari 2026 weer elke zaterdag om 20:30 uur te zien bij <a href=\"https:\/\/www.tvgids.nl\/tag\/avrotros\" target=\"_self\" rel=\"nofollow noopener\">AVROTROS<\/a> op <a href=\"https:\/\/tvgids.nl\/gids\/npo1\" target=\"_self\" rel=\"nofollow noopener\">NPO 1<\/a>. <\/p>\n","protected":false},"excerpt":{"rendered":"Het jubileumseizoen van\u00a0Wie Is de Mol? is pas net afgelopen, maar in februari start er alweer een nieuw&hellip;\n","protected":false},"author":2,"featured_media":93415,"comment_status":"","ping_status":"","sticky":false,"template":"","format":"standard","meta":{"footnotes":""},"categories":[28],"tags":[99,48,98,46,47,49,45,50,124],"class_list":{"0":"post-93414","1":"post","2":"type-post","3":"status-publish","4":"format-standard","5":"has-post-thumbnail","7":"category-tv","8":"tag-amusement","9":"tag-dutch","10":"tag-entertainment","11":"tag-nederland","12":"tag-nederlanden","13":"tag-nederlands","14":"tag-netherlands","15":"tag-nl","16":"tag-tv"},"share_on_mastodon":{"url":"https:\/\/pubeurope.com\/@nl\/115775035495712946","error":""},"_links":{"self":[{"href":"https:\/\/www.europesays.com\/nl\/wp-json\/wp\/v2\/posts\/93414","targetHints":{"allow":["GET"]}}],"collection":[{"href":"https:\/\/www.europesays.com\/nl\/wp-json\/wp\/v2\/posts"}],"about":[{"href":"https:\/\/www.europesays.com\/nl\/wp-json\/wp\/v2\/types\/post"}],"author":[{"embeddable":true,"href":"https:\/\/www.europesays.com\/nl\/wp-json\/wp\/v2\/users\/2"}],"replies":[{"embeddable":true,"href":"https:\/\/www.europesays.com\/nl\/wp-json\/wp\/v2\/comments?post=93414"}],"version-history":[{"count":0,"href":"https:\/\/www.europesays.com\/nl\/wp-json\/wp\/v2\/posts\/93414\/revisions"}],"wp:featuredmedia":[{"embeddable":true,"href":"https:\/\/www.europesays.com\/nl\/wp-json\/wp\/v2\/media\/93415"}],"wp:attachment":[{"href":"https:\/\/www.europesays.com\/nl\/wp-json\/wp\/v2\/media?parent=93414"}],"wp:term":[{"taxonomy":"category","embeddable":true,"href":"https:\/\/www.europesays.com\/nl\/wp-json\/wp\/v2\/categories?post=93414"},{"taxonomy":"post_tag","embeddable":true,"href":"https:\/\/www.europesays.com\/nl\/wp-json\/wp\/v2\/tags?post=93414"}],"curies":[{"name":"wp","href":"https:\/\/api.w.org\/{rel}","templated":true}]}}