{"id":93432,"date":"2025-12-24T14:50:11","date_gmt":"2025-12-24T14:50:11","guid":{"rendered":"https:\/\/www.europesays.com\/nl\/93432\/"},"modified":"2025-12-24T14:50:11","modified_gmt":"2025-12-24T14:50:11","slug":"gover-meit-richt-zich-na-korte-radiostilte-tot-belgische-fans-kan-me-niet-herinneren-dat-ik-me-ooit-zo-gelukkig-voelde-als-nu-2","status":"publish","type":"post","link":"https:\/\/www.europesays.com\/nl\/93432\/","title":{"rendered":"Gover Meit richt zich na korte radiostilte tot Belgische fans: \u201cKan me niet herinneren dat ik me ooit zo gelukkig voelde als nu\u201d"},"content":{"rendered":"<p class=\"Paragraph_paragraph__exhQA Paragraph_paragraph--default-sm-default__jy0uG articleParagraph\">De voorbije weken werden fans van Gover Meit op Instagram haast dagelijks getrakteerd op bijzondere foto\u2019s van de Nederlander, maar sinds de finale van De slimste mens ter wereld bleef het opmerkelijk rustig op zijn account. Tot nu. De theatermaker deelde een korte video, waarin hij zich tot Vlaanderen richt. \u201cIk weet dat jullie de afgelopen tijd al heel erg veel van mij hebben gehoord, maar ik dacht: ik laat toch nog even wat van me horen\u201d, start Gover z\u2019n relaas. \u201cHet was een overweldigende tijd, ik kan niet anders zeggen. En ja, de afgelopen dagen was ik best wel van de kaart.\u201d<\/p>\n<p>Gover Meit\u00a0\u00a9 Play<\/p>\n<p class=\"Paragraph_paragraph__exhQA Paragraph_paragraph--default-sm-default__jy0uG articleParagraph\">Dat had ook een weerslag op z\u2019n agenda. Zo zou Gover afgelopen zaterdag optreden in Geel, maar werd z\u2019n show op het laatste moment gecanceld. \u201cMensen uit Geel: ik kom naar jullie terug\u201d, zegt hij nu. \u201cIk ga het wederom allemaal goedmaken, ok\u00e9?\u201d<\/p>\n<p class=\"Paragraph_paragraph__exhQA Paragraph_paragraph--default-sm-default__jy0uG articleParagraph\">Twaalfduizend berichten<\/p>\n<p class=\"Paragraph_paragraph__exhQA Paragraph_paragraph--default-sm-default__jy0uG articleParagraph\">Vervolgens vertelt Gover dat hij enorm opveert van z\u2019n Belgische fans. \u201cIk moet eigenlijk toegeven dat ik me niet kan herinneren dat ik me ooit zo gelukkig heb gevoeld als nu, en dat komt echt dankzij jullie\u201d, stelt hij. \u201cWat ik \u2013 denk ik \u2013 tot nu toe van Belgi\u00eb heb geleerd is dat , als het even tegenzit in het leven, als het even niet mee zit, je zit vast, je vindt het allemaal niet meer leuk\u2026 ga dan eens naar een andere plek. Want daar is wellicht w\u00e9l heel veel geluk te vinden. Maar dat betekent niet dat jullie nu allemaal Belgi\u00eb uit moeten, want dan heb ik niets meer. Dus mochten jullie dat dan wel doen &#8211; allemaal Belgi\u00eb uit gaan -, laat me dan even weten waar je naartoe gaat. Want dan kom ik naar jullie toe, want ik denk eigenlijk niet dat ik nog zonder jullie kan.\u201d<\/p>\n<p class=\"social-embed-fallback-message_fallbackMessageText__Qks44\">Omdat je cookies voor sociale media uitgeschakeld zijn, blijft deze inhoud verborgen. Je kan hier toestemming geven voor deze cookies.<\/p>\n<p>Toestemming geven &gt;<\/p>\n<p class=\"Paragraph_paragraph__exhQA Paragraph_paragraph--default-sm-default__jy0uG articleParagraph\">Dat die populariteit ook consequenties voor z\u2019n sociale media, weet de Nederlander ondertussen ook. Zo ontving Gover heel wat berichten, en wil hij die stuk voor stuk beantwoorden. \u201cHet zijn er ongeveer twaalfduizend, dus geef me even de tijd. Mocht je nog geen antwoord hebben gekregen: dat klopt. Ik ben er hard mee bezig, en ga proberen om alles te lezen \u00e9n jullie allemaal van een repliek te voorzien. Maar dat kan dus wel eventjes duren.\u201d<\/p>\n<p>Toekomst<\/p>\n<p class=\"Paragraph_paragraph__exhQA Paragraph_paragraph--default-sm-default__jy0uG articleParagraph\">\u201cAls laatste wil ik iedereen natuurlijk een ongelofelijk zalige kerst wensen\u201d, klinkt het ten slotte. \u201cHet is bloedheet buiten, dus we kunnen gezellig met z\u2019n allen gewoon op de straat gaan liggen en de warmte beleven. Oh, en de komende tijd ga ik naar de toekomst. En dat wil ik ook heel erg graag met jullie delen. Dus ik neem jullie mee, en dan kunnen jullie samen met mij zien hoe het eruit ziet in de toekomst.\u201d We zijn benieuwd.<\/p>\n","protected":false},"excerpt":{"rendered":"De voorbije weken werden fans van Gover Meit op Instagram haast dagelijks getrakteerd op bijzondere foto\u2019s van de&hellip;\n","protected":false},"author":2,"featured_media":93393,"comment_status":"","ping_status":"","sticky":false,"template":"","format":"standard","meta":{"footnotes":""},"categories":[27],"tags":[99,48,98,120,121,46,47,49,45,50],"class_list":{"0":"post-93432","1":"post","2":"type-post","3":"status-publish","4":"format-standard","5":"has-post-thumbnail","7":"category-muziek","8":"tag-amusement","9":"tag-dutch","10":"tag-entertainment","11":"tag-music","12":"tag-muziek","13":"tag-nederland","14":"tag-nederlanden","15":"tag-nederlands","16":"tag-netherlands","17":"tag-nl"},"share_on_mastodon":{"url":"https:\/\/pubeurope.com\/@nl\/115775106424595363","error":""},"_links":{"self":[{"href":"https:\/\/www.europesays.com\/nl\/wp-json\/wp\/v2\/posts\/93432","targetHints":{"allow":["GET"]}}],"collection":[{"href":"https:\/\/www.europesays.com\/nl\/wp-json\/wp\/v2\/posts"}],"about":[{"href":"https:\/\/www.europesays.com\/nl\/wp-json\/wp\/v2\/types\/post"}],"author":[{"embeddable":true,"href":"https:\/\/www.europesays.com\/nl\/wp-json\/wp\/v2\/users\/2"}],"replies":[{"embeddable":true,"href":"https:\/\/www.europesays.com\/nl\/wp-json\/wp\/v2\/comments?post=93432"}],"version-history":[{"count":0,"href":"https:\/\/www.europesays.com\/nl\/wp-json\/wp\/v2\/posts\/93432\/revisions"}],"wp:featuredmedia":[{"embeddable":true,"href":"https:\/\/www.europesays.com\/nl\/wp-json\/wp\/v2\/media\/93393"}],"wp:attachment":[{"href":"https:\/\/www.europesays.com\/nl\/wp-json\/wp\/v2\/media?parent=93432"}],"wp:term":[{"taxonomy":"category","embeddable":true,"href":"https:\/\/www.europesays.com\/nl\/wp-json\/wp\/v2\/categories?post=93432"},{"taxonomy":"post_tag","embeddable":true,"href":"https:\/\/www.europesays.com\/nl\/wp-json\/wp\/v2\/tags?post=93432"}],"curies":[{"name":"wp","href":"https:\/\/api.w.org\/{rel}","templated":true}]}}