{"id":93521,"date":"2025-12-24T16:22:10","date_gmt":"2025-12-24T16:22:10","guid":{"rendered":"https:\/\/www.europesays.com\/nl\/93521\/"},"modified":"2025-12-24T16:22:10","modified_gmt":"2025-12-24T16:22:10","slug":"acteur-serge-henri-valcke-moeite-met-zelfbeeld-door-gescheurde-buikwand","status":"publish","type":"post","link":"https:\/\/www.europesays.com\/nl\/93521\/","title":{"rendered":"Acteur Serge-Henri Valcke moeite met zelfbeeld door gescheurde buikwand"},"content":{"rendered":"<p class=\"mui-173mato e10ntc2u0\">Acteur Serge-Henri Valcke, onder andere bekend van <a rel=\"noopener noreferrer nofollow\" target=\"_blank\" class=\"mui-1i4zqbr e1bmvyuj0\" href=\"https:\/\/www.shownieuws.nl\/entertainment\/bners\/videos\/serge-henri-valcke-over-de-terugkeer-van-baantjer\">Baantjer<\/a>, Amsterdamned, Soldaat van Oranje en Flikken Maastricht, wordt op zijn 79ste nog altijd voor de grootste filmklussen gevraagd. Maar de acteur, die eerder kanker had, heeft sinds anderhalf jaar wel moeite om zichzelf terug te zien op het witte doek&#8230;<\/p>\n<p class=\"mui-173mato e10ntc2u0\">&#8220;Ik zit sinds anderhalf jaar met een gescheurde buikwand, wat heel vervelend is. Toen ik voor darmkanker was geopereerd, dacht ik: ik kan alles weer doen, ik was blij! Maar toen maakte ik \u00e9\u00e9n rare en verkeerde beweging en scheurde daardoor mijn buikwand. Ik kon niet meer opstaan&#8221;, vertelt hij aan Weekend.<\/p>\n<p class=\"mui-173mato e10ntc2u0\">Opereren is geen optie voor de acteur. &#8220;Mijn chirurg zegt: &#8216;Ik doe het niet, want het lukt maar vier op de tien keer.&#8217; En je moet daarna ook z\u00f3 oppassen dat het niet weer scheurt. Tijdens zo\u2019n operatie gaan ze alles terugduwen naar waar het hoort te zitten.&#8221;<\/p>\n<p>Bult camoufleren<\/p>\n<p class=\"mui-173mato e10ntc2u0\">Hij vervolgt: &#8220;Ik heb aan de ene kant als het ware niks meer, het zit allemaal vastgekleefd aan die andere zij. Dat komt dus doordat die buikwand los is, alles van rechts is naar links gegaan. Dus hier zit niks en hier heb ik een bult. Ik moet het ook altijd camoufleren als ik speel.&#8221;<\/p>\n<p class=\"mui-173mato e10ntc2u0\">Pijn doet het niet. &#8220;Maar het houdt me wel 24\/7 bezig. Het zit z\u00f3 in mijn hoofd. Er hoeft maar \u00e9\u00e9n iemand op straat een blik die kant op te geven\u2026 Je wordt dan toch een beetje een kneus of slachtoffer. Van: o god moet je dat zien!&#8221;, aldus Serge-Henri.<\/p>\n<p class=\"mui-173mato e10ntc2u0\">Zichzelf op het (grote) beeld terugzien is dan ook geen optie voor hem. &#8220;Als ik beelden van mezelf terugzie, is die bult het eerste wat ik zie. Ondanks dat ik het camoufleer met kleding. En daarna zie ik m\u2019n kalkoennekje.&#8221;<\/p>\n<p>Amsterdamned II<\/p>\n<p class=\"mui-173mato e10ntc2u0\">Serge-Henri had een grote rol in Amsterdamned. Toen vorig jaar bekend werd dat er een vervolg kwam, liet hij weten dat hij niet was gevraagd voor Amsterdamned II. In gesprek met Shownieuws verklapt hij nu dat hij misschien toch een paar seconden in de film is te zien. Maar de grote premi\u00e8re mist hij, zo laat hij weten&#8230;<\/p>\n<p><img alt=\"Serge-Henri Valcke toch te zien in Amsterdamned II?\" loading=\"lazy\" decoding=\"async\" data-nimg=\"fill\" class=\"mui-nacstu e1qtpq9e5\" style=\"position:absolute;height:100%;width:100%;left:0;top:0;right:0;bottom:0;color:transparent\"   src=\"https:\/\/www.europesays.com\/nl\/wp-content\/uploads\/2025\/12\/serge-henri-valcke-toch-te-zien-in-amsterdamned-ii.jpg\"\/><\/p>\n<p>1:23<\/p>\n<p>Serge-Henri Valcke toch te zien in Amsterdamned II?<\/p>\n","protected":false},"excerpt":{"rendered":"Acteur Serge-Henri Valcke, onder andere bekend van Baantjer, Amsterdamned, Soldaat van Oranje en Flikken Maastricht, wordt op zijn&hellip;\n","protected":false},"author":2,"featured_media":93522,"comment_status":"","ping_status":"","sticky":false,"template":"","format":"standard","meta":{"footnotes":""},"categories":[19],"tags":[48,46,47,49,45,50,83,85,86,90,84,89,87,88],"class_list":{"0":"post-93521","1":"post","2":"type-post","3":"status-publish","4":"format-standard","5":"has-post-thumbnail","7":"category-wetenschap-en-technologie","8":"tag-dutch","9":"tag-nederland","10":"tag-nederlanden","11":"tag-nederlands","12":"tag-netherlands","13":"tag-nl","14":"tag-science","15":"tag-science-and-technology","16":"tag-scienceandtechnology","17":"tag-technologie","18":"tag-technology","19":"tag-wetenschap","20":"tag-wetenschap-en-technologie","21":"tag-wetenschaptechnologie"},"share_on_mastodon":{"url":"https:\/\/pubeurope.com\/@nl\/115775468027620046","error":""},"_links":{"self":[{"href":"https:\/\/www.europesays.com\/nl\/wp-json\/wp\/v2\/posts\/93521","targetHints":{"allow":["GET"]}}],"collection":[{"href":"https:\/\/www.europesays.com\/nl\/wp-json\/wp\/v2\/posts"}],"about":[{"href":"https:\/\/www.europesays.com\/nl\/wp-json\/wp\/v2\/types\/post"}],"author":[{"embeddable":true,"href":"https:\/\/www.europesays.com\/nl\/wp-json\/wp\/v2\/users\/2"}],"replies":[{"embeddable":true,"href":"https:\/\/www.europesays.com\/nl\/wp-json\/wp\/v2\/comments?post=93521"}],"version-history":[{"count":0,"href":"https:\/\/www.europesays.com\/nl\/wp-json\/wp\/v2\/posts\/93521\/revisions"}],"wp:featuredmedia":[{"embeddable":true,"href":"https:\/\/www.europesays.com\/nl\/wp-json\/wp\/v2\/media\/93522"}],"wp:attachment":[{"href":"https:\/\/www.europesays.com\/nl\/wp-json\/wp\/v2\/media?parent=93521"}],"wp:term":[{"taxonomy":"category","embeddable":true,"href":"https:\/\/www.europesays.com\/nl\/wp-json\/wp\/v2\/categories?post=93521"},{"taxonomy":"post_tag","embeddable":true,"href":"https:\/\/www.europesays.com\/nl\/wp-json\/wp\/v2\/tags?post=93521"}],"curies":[{"name":"wp","href":"https:\/\/api.w.org\/{rel}","templated":true}]}}