{"id":93594,"date":"2025-12-24T17:34:21","date_gmt":"2025-12-24T17:34:21","guid":{"rendered":"https:\/\/www.europesays.com\/nl\/93594\/"},"modified":"2025-12-24T17:34:21","modified_gmt":"2025-12-24T17:34:21","slug":"oekraine-trekt-zich-terug-uit-defensieve-voorpost-siversk-in-regio-donetsk","status":"publish","type":"post","link":"https:\/\/www.europesays.com\/nl\/93594\/","title":{"rendered":"Oekra\u00efne trekt zich terug uit defensieve voorpost Siversk in regio Donetsk"},"content":{"rendered":"<p>Het Oekra\u00efense leger heeft zich dinsdag teruggetrokken uit het stadje Siversk, in de Oost-Oekra\u00efense regio Donetsk. Het Russische leger kon oprukken door \u201eeen aanzienlijk numeriek overwicht\u201d in manschappen en materieel en \u201econstante druk van kleine aanvalsgroepen onder moeilijke weersomstandigheden\u201d. Dat schrijft het Oekra\u00efense leger dinsdag op <a data-id=\"https:\/\/www.facebook.com\/GeneralStaff.ua\/posts\/pfbid0FusEnEbwGj3RpdybDZrTpFAyEhkhPzcHY4WhtX96eDhLfGxnfhVkk6bdSFz9Yb3Tl\" data-type=\"link\" href=\"https:\/\/www.facebook.com\/GeneralStaff.ua\/posts\/pfbid0FusEnEbwGj3RpdybDZrTpFAyEhkhPzcHY4WhtX96eDhLfGxnfhVkk6bdSFz9Yb3Tl\" rel=\"nofollow noopener\" target=\"_blank\">Facebook<\/a> als reden voor de terugtrekking. Het leger zegt te blijven vechten \u201eom een verdere opmars te voorkomen\u201d.<\/p>\n<p>Rond Siversk, een voorpost in de verdediging van de verderop gelegen steden Kramatorsk en Slovjansk, werd al langer gevochten. Kramatorsk en Slovjansk zijn de twee grootste steden in Donetsk die nog in handen zijn van Oekra\u00efne.<\/p>\n<p>Vestingsteden<\/p>\n<p><a data-id=\"https:\/\/understandingwar.org\/newsroom\/associated-press-ukraine-faces-a-new-test-as-russia-steps-up-its-drive-to-seize-donetsks-fortress-belt\/\" data-type=\"link\" href=\"https:\/\/understandingwar.org\/newsroom\/associated-press-ukraine-faces-a-new-test-as-russia-steps-up-its-drive-to-seize-donetsks-fortress-belt\/\" rel=\"nofollow noopener\" target=\"_blank\">Het Amerikaanse Instituut voor Oorlogsstudies<\/a> ziet Kramatorsk, Slovjansk en twee andere steden samen als de \u201eOekra\u00efense gordel van militaire vestingen\u201d in de Donetsk-regio. Volgens het instituut overdrijft het Kremlin de strategische waarde van de inname van kleinere steden of dorpen, om \u201ehet valse verhaal\u201d te ondersteunen dat Russische troepen de vestinggordel binnen afzienbare tijd kunnen innemen.<\/p>\n<p>De vestingsteden zijn qua oppervlakte en bevolkingsaantal namelijk groter dan de steden die het Russische leger sinds 2022 al heeft ingenomen. Oekra\u00efne heeft sinds 2014 bovendien ingezet op de versterking van deze steden. Daarom verwacht het instituut dat het Rusland minstens twee jaar zou kosten om de rest van de Donetsk in te nemen, \u201etegen hoge kosten\u201d.<\/p>\n<p>Het stadje Pokrovsk heeft eenzelfde soort functie als Siversk. Moskou zei begin deze maand nog dat het Pokrovsk had ingenomen, maar Kyiv ontkende dat en liet weten de strijd om het stadje niet opgegeven te hebben. Duidelijk is dat Pokrovsk is omsingeld door het Russische leger, en grotendeels in puin ligt.<\/p>\n<p><a class=\"dmt-article-suggestion\" href=\"https:\/\/www.nrc.nl\/nieuws\/2025\/11\/05\/oekraiense-militairen-zien-steeds-meer-russen-in-de-straten-van-pokrovsk-en-vrezen-voor-omsingeling-spoorlijn-naar-kramatorsk-gesloten-om-veiligheid-a4911888\" rel=\"nofollow noopener\" target=\"_blank\"><\/p>\n<p>\n\t\t\t\tLees ook\n\t\t\t<\/p>\n<p>Oekra\u00efense militairen zien steeds meer Russen in de straten van Pokrovsk en vrezen voor omsingeling, spoorlijn naar Kramatorsk gesloten om veiligheid<\/p>\n<p><img decoding=\"async\" alt=\"President Zelensky op bezoek bij frontlinietroepen in de regio Donetsk, dinsdag. \" class=\"dmt-article-suggestion__image\" src=\"https:\/\/www.europesays.com\/nl\/wp-content\/uploads\/2025\/12\/051125STU_2022194951_2.jpg\"\/><br \/>\n<\/a><br \/>\n<a class=\"dmt-article-suggestion\" href=\"https:\/\/www.nrc.nl\/nieuws\/2025\/08\/19\/oekraineblog-19-aug-a4903434\" rel=\"nofollow noopener\" target=\"_blank\"><\/p>\n<p>\nLiveblog<br \/>\nOorlog in Oekra\u00efne\n<\/p>\n<p>                                Oekra\u00efne trekt zich terug uit defensieve voorpost Siversk in regio Donetsk<\/p>\n<p><\/a><\/p>\n<p>Geef cadeau<\/p>\n<p>Deel<\/p>\n<p>Mail de redactie<\/p>\n<p><a aria-label=\"The Trust Project, lees meer over de journalistieke principes van NRC\" class=\"trust__message\" href=\"http:\/\/www.nrc.nl\/over-ons\/#principes\" rel=\"nofollow noopener\" target=\"_blank\"><\/p>\n<p>\tDe journalistieke principes van NRC<br \/>\n<\/a> <\/p>\n","protected":false},"excerpt":{"rendered":"Het Oekra\u00efense leger heeft zich dinsdag teruggetrokken uit het stadje Siversk, in de Oost-Oekra\u00efense regio Donetsk. Het Russische&hellip;\n","protected":false},"author":2,"featured_media":93595,"comment_status":"","ping_status":"","sticky":false,"template":"","format":"standard","meta":{"footnotes":""},"categories":[15],"tags":[39,40,48,43,44,34,35,41,42,46,47,49,45,32,33,50,36,37,38,67,64,65,66],"class_list":{"0":"post-93594","1":"post","2":"type-post","3":"status-publish","4":"format-standard","5":"has-post-thumbnail","7":"category-wereld","8":"tag-breaking-news","9":"tag-breakingnews","10":"tag-dutch","11":"tag-featured-news","12":"tag-featurednews","13":"tag-headlines","14":"tag-hoofdpunten","15":"tag-latest-news","16":"tag-latestnews","17":"tag-nederland","18":"tag-nederlanden","19":"tag-nederlands","20":"tag-netherlands","21":"tag-news","22":"tag-nieuws","23":"tag-nl","24":"tag-top-stories","25":"tag-topstories","26":"tag-voorpaginanieuws","27":"tag-wereld","28":"tag-world","29":"tag-world-news","30":"tag-worldnews"},"share_on_mastodon":{"url":"","error":""},"_links":{"self":[{"href":"https:\/\/www.europesays.com\/nl\/wp-json\/wp\/v2\/posts\/93594","targetHints":{"allow":["GET"]}}],"collection":[{"href":"https:\/\/www.europesays.com\/nl\/wp-json\/wp\/v2\/posts"}],"about":[{"href":"https:\/\/www.europesays.com\/nl\/wp-json\/wp\/v2\/types\/post"}],"author":[{"embeddable":true,"href":"https:\/\/www.europesays.com\/nl\/wp-json\/wp\/v2\/users\/2"}],"replies":[{"embeddable":true,"href":"https:\/\/www.europesays.com\/nl\/wp-json\/wp\/v2\/comments?post=93594"}],"version-history":[{"count":0,"href":"https:\/\/www.europesays.com\/nl\/wp-json\/wp\/v2\/posts\/93594\/revisions"}],"wp:featuredmedia":[{"embeddable":true,"href":"https:\/\/www.europesays.com\/nl\/wp-json\/wp\/v2\/media\/93595"}],"wp:attachment":[{"href":"https:\/\/www.europesays.com\/nl\/wp-json\/wp\/v2\/media?parent=93594"}],"wp:term":[{"taxonomy":"category","embeddable":true,"href":"https:\/\/www.europesays.com\/nl\/wp-json\/wp\/v2\/categories?post=93594"},{"taxonomy":"post_tag","embeddable":true,"href":"https:\/\/www.europesays.com\/nl\/wp-json\/wp\/v2\/tags?post=93594"}],"curies":[{"name":"wp","href":"https:\/\/api.w.org\/{rel}","templated":true}]}}