{"id":93636,"date":"2025-12-24T18:53:33","date_gmt":"2025-12-24T18:53:33","guid":{"rendered":"https:\/\/www.europesays.com\/nl\/93636\/"},"modified":"2025-12-24T18:53:33","modified_gmt":"2025-12-24T18:53:33","slug":"niet-alles-hoeft-op-tafel-zo-blijft-het-gezellig-met-kerst","status":"publish","type":"post","link":"https:\/\/www.europesays.com\/nl\/93636\/","title":{"rendered":"Niet alles hoeft op tafel: zo blijft het gezellig met kerst"},"content":{"rendered":"<p>Kerstlichtjes aan, hapjes op tafel\u2026 en dan toch die ene opmerking van je oom die de sfeer n\u00e9t doet kantelen. Tijdens de feestdagen wil iedereen het gezellig houden, maar dat is soms makkelijker gezegd dan gedaan. Welke thema\u2019s zorgen het snelst voor spanning, en hoe voorkom je dat de gezelligheid verdwijnt nog v\u00f3\u00f3r het dessert?<\/p>\n<p>Als je gedoe tijdens het kerstdiner wil vermijden moet je volgens gezinspsycholoog Rianne de Laat niet beginnen over politiek. &#8221;Dit kan polariserend werken. Als meningen ver uit elkaar liggen, is het beter dat gesprek te bewaren voor een ander moment&#8221;, vertelt De Laat.<\/p>\n<p>Harmonie<br \/>Polarisatie past niet bij de verwachtingen rondom kerst. Het draait om harmonie, gezelligheid en met elkaar willen verbinden. Een ander onderwerp dat daar niet bij hoort is verdriet.\u00a0<\/p>\n<p>Maar die gevoelens mogen er wel zijn. &#8221;Stel, iemand voelt zich bedrukt en geeft dat van te voren aan. Dan kun je voorstellen om een stukje te gaan wandelen of \u00e9\u00e9n-op-\u00e9\u00e9n even te checken: waar heb je behoefte aan? Zo krijgt diegene het gevoel dat hij of zij er ook mag zijn&#8221;, zegt De Laat.\u00a0<\/p>\n<p>Verantwoordelijkheid<br \/>Ondanks dat er met Kerst ruimte is voor ieders gevoel, wordt dit niet altijd zo ervaren. Vooral kinderen voelen zich tijdens de feestdagen vaak verantwoordelijk voor de gevoelens van hun ouders. Terwijl het volgens De Laat juist belangrijk is dat zij hun grenzen mogen aangeven zodat ze zich niet vastgepind voelen. &#8221;Het is ok\u00e9 om te zeggen: &#8216;mam, ik red twee uur \u2019s middags niet, we komen van dan tot dan&#8217;.&#8221;<\/p>\n<p>Die eerlijkheid vraagt ook iets van ouders. Zij kunnen hun wensen uitspreken, maar het is belangrijk om hun kinderen daar niet op vast te pinnen en dankbaar te zijn voor wat er w\u00e9l is. &#8221;Accepteer dat je dochter in plaats van ananasbavarois chocolademousse heeft gemaakt&#8221;, zegt De Laat. &#8221;Als je die verwachtingen kunt loslaten, voelen kinderen zich gerespecteerd. Zo ontstaat er meer rust en vaak ook meer gezelligheid.&#8221;<\/p>\n","protected":false},"excerpt":{"rendered":"Kerstlichtjes aan, hapjes op tafel\u2026 en dan toch die ene opmerking van je oom die de sfeer n\u00e9t&hellip;\n","protected":false},"author":2,"featured_media":93637,"comment_status":"","ping_status":"","sticky":false,"template":"","format":"standard","meta":{"footnotes":""},"categories":[17],"tags":[73,74,48,3764,46,47,49,45,50,75],"class_list":{"0":"post-93636","1":"post","2":"type-post","3":"status-publish","4":"format-standard","5":"has-post-thumbnail","7":"category-zakelijk","8":"tag-business","9":"tag-commercial","10":"tag-dutch","11":"tag-kerst","12":"tag-nederland","13":"tag-nederlanden","14":"tag-nederlands","15":"tag-netherlands","16":"tag-nl","17":"tag-zakelijk"},"share_on_mastodon":{"url":"https:\/\/pubeurope.com\/@nl\/115776061573097906","error":""},"_links":{"self":[{"href":"https:\/\/www.europesays.com\/nl\/wp-json\/wp\/v2\/posts\/93636","targetHints":{"allow":["GET"]}}],"collection":[{"href":"https:\/\/www.europesays.com\/nl\/wp-json\/wp\/v2\/posts"}],"about":[{"href":"https:\/\/www.europesays.com\/nl\/wp-json\/wp\/v2\/types\/post"}],"author":[{"embeddable":true,"href":"https:\/\/www.europesays.com\/nl\/wp-json\/wp\/v2\/users\/2"}],"replies":[{"embeddable":true,"href":"https:\/\/www.europesays.com\/nl\/wp-json\/wp\/v2\/comments?post=93636"}],"version-history":[{"count":0,"href":"https:\/\/www.europesays.com\/nl\/wp-json\/wp\/v2\/posts\/93636\/revisions"}],"wp:featuredmedia":[{"embeddable":true,"href":"https:\/\/www.europesays.com\/nl\/wp-json\/wp\/v2\/media\/93637"}],"wp:attachment":[{"href":"https:\/\/www.europesays.com\/nl\/wp-json\/wp\/v2\/media?parent=93636"}],"wp:term":[{"taxonomy":"category","embeddable":true,"href":"https:\/\/www.europesays.com\/nl\/wp-json\/wp\/v2\/categories?post=93636"},{"taxonomy":"post_tag","embeddable":true,"href":"https:\/\/www.europesays.com\/nl\/wp-json\/wp\/v2\/tags?post=93636"}],"curies":[{"name":"wp","href":"https:\/\/api.w.org\/{rel}","templated":true}]}}