{"id":93784,"date":"2025-12-24T22:46:09","date_gmt":"2025-12-24T22:46:09","guid":{"rendered":"https:\/\/www.europesays.com\/nl\/93784\/"},"modified":"2025-12-24T22:46:09","modified_gmt":"2025-12-24T22:46:09","slug":"angela-de-jong-tot-tranen-toe-geroerd-door-laatste-aflevering-oogappels","status":"publish","type":"post","link":"https:\/\/www.europesays.com\/nl\/93784\/","title":{"rendered":"Angela de Jong tot tranen toe geroerd door laatste aflevering Oogappels"},"content":{"rendered":"<p>Dat is te horen in de AD Media Podcast.  <\/p>\n<p>Oogappels<\/p>\n<p>In de laatste podcastaflevering van het jaar wordt door <a href=\"https:\/\/www.tvgids.nl\/tag\/angela-de-jong\" target=\"_self\" rel=\"nofollow noopener\">Angela<\/a> en haar collega&#8217;s traditiegetrouw teruggeblikt op alle hoogte- en dieptepunten van het afgelopen mediajaar.  <\/p>\n<p><a href=\"https:\/\/www.tvgids.nl\/tag\/angela-de-jong\" target=\"_self\" rel=\"nofollow noopener\">De columniste<\/a> is over \u00e9\u00e9n hoogtepunt heel stellig en dat is de slotaflevering van het laatste seizoen van <a href=\"https:\/\/www.tvgids.nl\/collectie\/oogappels\" target=\"_self\" rel=\"nofollow noopener\">Oogappels<\/a>. &#8220;Dat was eigenlijk gewoon het mooiste dat ik heb gezien.&#8221; <\/p>\n<p>Zodra haar collega&#8217;s de laatste sc\u00e8ne uit de serie nog eens laten horen krijgt <a href=\"https:\/\/www.tvgids.nl\/tag\/angela-de-jong\" target=\"_self\" rel=\"nofollow noopener\">Angela<\/a> tranen in haar ogen. &#8220;Ja, daar ga ik weer&#8221;, zegt ze terwijl ze een traantje wegpinkt. <\/p>\n<p>Angela de Jong<\/p>\n<p>&#8220;Het is niet eens de tekst &#8211; die ik wel heel mooi vind &#8211; of het personage (Merel gespeeld door <a href=\"https:\/\/www.tvgids.nl\/tag\/malou-gorter\" target=\"_self\" rel=\"nofollow noopener\">Malou Gorter<\/a>, red.) waar ik echt zo van ben gaan houden de afgelopen jaren, maar het is ook het feit dat ze daar zit op die bank waar normaal de opa&#8217;s en oma&#8217;s zitten, maar die zijn er dus niet meer. Ze is \u00e9\u00e9n generatie opgeschoven&#8221;, vertelt ze ge\u00ebmotioneerd. <\/p>\n<p>&#8220;Zij is nu degene die net als Erik (<a href=\"https:\/\/www.tvgids.nl\/tag\/ramsey-nasr\" target=\"_self\" rel=\"nofollow noopener\">Ramsey Nasr<\/a>, red.) &#8211; wiens vader ook dood is &#8211; die rol overneemt. En net als ik&#8221;, doelt <a href=\"https:\/\/www.tvgids.nl\/tag\/angela-de-jong\" target=\"_self\" rel=\"nofollow noopener\">Angela<\/a> op het feit dat haar eigen vader afgelopen jaar ook is overleden. &#8220;Dat is emotionerend, maar biedt ook troost.&#8221; <\/p>\n<p>Video<\/p>\n<p>Bekijk het fragment hieronder. <\/p>\n","protected":false},"excerpt":{"rendered":"Dat is te horen in de AD Media Podcast. Oogappels In de laatste podcastaflevering van het jaar wordt&hellip;\n","protected":false},"author":2,"featured_media":93785,"comment_status":"","ping_status":"","sticky":false,"template":"","format":"standard","meta":{"footnotes":""},"categories":[28],"tags":[99,48,98,46,47,49,45,50,124],"class_list":{"0":"post-93784","1":"post","2":"type-post","3":"status-publish","4":"format-standard","5":"has-post-thumbnail","7":"category-tv","8":"tag-amusement","9":"tag-dutch","10":"tag-entertainment","11":"tag-nederland","12":"tag-nederlanden","13":"tag-nederlands","14":"tag-netherlands","15":"tag-nl","16":"tag-tv"},"share_on_mastodon":{"url":"https:\/\/pubeurope.com\/@nl\/115776977933150350","error":""},"_links":{"self":[{"href":"https:\/\/www.europesays.com\/nl\/wp-json\/wp\/v2\/posts\/93784","targetHints":{"allow":["GET"]}}],"collection":[{"href":"https:\/\/www.europesays.com\/nl\/wp-json\/wp\/v2\/posts"}],"about":[{"href":"https:\/\/www.europesays.com\/nl\/wp-json\/wp\/v2\/types\/post"}],"author":[{"embeddable":true,"href":"https:\/\/www.europesays.com\/nl\/wp-json\/wp\/v2\/users\/2"}],"replies":[{"embeddable":true,"href":"https:\/\/www.europesays.com\/nl\/wp-json\/wp\/v2\/comments?post=93784"}],"version-history":[{"count":0,"href":"https:\/\/www.europesays.com\/nl\/wp-json\/wp\/v2\/posts\/93784\/revisions"}],"wp:featuredmedia":[{"embeddable":true,"href":"https:\/\/www.europesays.com\/nl\/wp-json\/wp\/v2\/media\/93785"}],"wp:attachment":[{"href":"https:\/\/www.europesays.com\/nl\/wp-json\/wp\/v2\/media?parent=93784"}],"wp:term":[{"taxonomy":"category","embeddable":true,"href":"https:\/\/www.europesays.com\/nl\/wp-json\/wp\/v2\/categories?post=93784"},{"taxonomy":"post_tag","embeddable":true,"href":"https:\/\/www.europesays.com\/nl\/wp-json\/wp\/v2\/tags?post=93784"}],"curies":[{"name":"wp","href":"https:\/\/api.w.org\/{rel}","templated":true}]}}