{"id":93929,"date":"2025-12-25T04:42:20","date_gmt":"2025-12-25T04:42:20","guid":{"rendered":"https:\/\/www.europesays.com\/nl\/93929\/"},"modified":"2025-12-25T04:42:20","modified_gmt":"2025-12-25T04:42:20","slug":"oekraine-komt-met-raamwerk-voor-nieuw-vredesplan-donbas-wordt-mogelijk-een-meer-autonome-economische-zone","status":"publish","type":"post","link":"https:\/\/www.europesays.com\/nl\/93929\/","title":{"rendered":"Oekra\u00efne komt met raamwerk voor nieuw vredesplan, Donbas wordt mogelijk een meer autonome \u2018economische zone\u2019"},"content":{"rendered":"<p>Oekra\u00efne, de Verenigde Staten en de Europese Unie zijn woensdag een raamwerk voor een vredesplan van twintig punten overeengekomen, waarmee ze de Russische invasieoorlog in Oekra\u00efne willen be\u00ebindigen. Dat <a data-id=\"https:\/\/kyivindependent.com\/zelensky-reveals-20-point-peace-plan-draft-backed-by-ukraine-us\/\" data-type=\"link\" href=\"https:\/\/kyivindependent.com\/zelensky-reveals-20-point-peace-plan-draft-backed-by-ukraine-us\/\" rel=\"nofollow noopener\" target=\"_blank\">melden<\/a> Oekra\u00efense media die van het Oekra\u00efense presidenti\u00eble kantoor inzage hebben gekregen in het plan.<\/p>\n<p>In het nieuwe plan vallen enkele zaken op. Zo\u00a0stelt punt 14 voor\u00a0dat Rusland zich terugtrekt uit de grensregio\u2019s Soemy en Charkiv, en de Centraal-Oekra\u00efense regio\u2019s Zaporizja en Mykolajiv. In al die regio\u2019s houdt Rusland slechts kleine stukjes bezet, waaronder de strategisch gelegen landtong, de Kinburn Schoorwal, aan de monding van de rivier Dnipro. <\/p>\n<p>Daarna liggen er wat Oekra\u00efne betreft nog twee varianten op tafel voor de oostelijke regio Donbas: Optie A: een bevriezing van de frontlinie. Optie B: een referendum in de Donbas over de oprichting van een speciale economische zone in dat gebied. Zo\u2019n economische zone zou het gebied niet in twee\u00ebn opdelen tussen de partijen, maar meer autonoom moeten maken. Welke invloed de twee landen in dat scenario behouden, is niet bekend.<\/p>\n<p><a class=\"dmt-article-suggestion\" href=\"https:\/\/www.nrc.nl\/nieuws\/2025\/12\/03\/rusland-blijkt-niet-bereid-tot-concessies-bij-overleg-over-afgeslankt-puntenplan-a4914407\" rel=\"nofollow noopener\" target=\"_blank\"><\/p>\n<p>\n\t\t\t\tLees ook\n\t\t\t<\/p>\n<p>\u2018Rusland blijkt niet bereid tot concessies\u2019 bij overleg over afgeslankt puntenplan<\/p>\n<p><img decoding=\"async\" alt=\"Een door de Russische oorlog getroffen gebouw in de oostelijke stad Kramatorsk, eind november. \" class=\"dmt-article-suggestion__image\" src=\"https:\/\/www.europesays.com\/nl\/wp-content\/uploads\/2025\/12\/031225BUI_2025719912_1.jpg\"\/><br \/>\n<\/a><\/p>\n<p>Uit het nieuwe plan blijkt dus dat de VS en Oekra\u00efne het nog niet eens zijn geworden over wat\u00a0op lange termijn met de Donbas moet gebeuren. Het voorstel volgt een maand na publicatie van een\u00a0<a href=\"https:\/\/www.nrc.nl\/nieuws\/2025\/11\/21\/wat-staat-er-in-het-28-punten-tellende-vredesplan-van-rusland-en-de-vs-en-hoe-haalbaar-is-het-a4913265\" rel=\"noreferrer noopener nofollow\" target=\"_blank\">28-puntenplan<\/a>, dat\u00a0NRC\u00a0eerder\u00a0<a href=\"https:\/\/www.nrc.nl\/nieuws\/2025\/12\/03\/rusland-blijkt-niet-bereid-tot-concessies-bij-overleg-over-afgeslankt-puntenplan-a4914407\" rel=\"noreferrer noopener nofollow\" target=\"_blank\">omschreef\u00a0<\/a>als \u201eeen Russisch dictaat\u201d. In dat voorstel zou Oekra\u00efne onder meer de facto\u00a0<a href=\"https:\/\/www.nrc.nl\/nieuws\/2025\/11\/21\/vredesplan-is-op-veel-punten-niet-acceptabel-voor-kyiv-maar-oekrainers-snakken-naar-rust-a4913248\" rel=\"noreferrer noopener nofollow\" target=\"_blank\">controle moeten opgeven<\/a>\u00a0over Loehansk en Donetsk, twee regio\u2019s die Rusland nog niet volledig heeft veroverd.\u00a0Na Europese druk werd het 28-puntenplan \u2018afgeslankt\u2019.\u00a0<\/p>\n<p>Het tweede punt waar de VS en Oekra\u00efne nog geen overeenstemming over hebben bereikt is\u00a0de toekomst van de kerncentrale van Zaporizja, de grootste centrale van Europa. De Verenigde Staten zouden voorstellen om er een\u00a0joint venture\u00a0van te maken, waarbij Amerika de leiding neemt. Het nieuwe plan stelt voor dat de elektriciteit die daar wordt opgewekt, over Oekra\u00efne en de VS zal worden verdeeld.\u00a0In het oude 28-puntenplan stond nog dat het 50\/50 over Rusland en Oekra\u00efne verdeeld zou worden.<\/p>\n<p>Het nieuwe plan laat uitzicht op NAVO-lidmaatschap voor Oekra\u00efne onvermeld. Wel vraagt het de NAVO om veiligheidsgaranties te bieden. De eerdere tekst bepaalde wel dat de NAVO niet verder zou uitbreiden. Volgens de Oekra\u00efense president Volodymyr Zelensky wordt het 20-puntenplan nog dezelfde dag, voor Kerst, voorgelegd aan Moskou.<\/p>\n<p>Met medewerking van Simone Peek<\/p>\n<p><a class=\"dmt-article-suggestion\" href=\"https:\/\/www.nrc.nl\/nieuws\/2025\/08\/19\/oekraineblog-19-aug-a4903434\" rel=\"nofollow noopener\" target=\"_blank\"><\/p>\n<p>\nLiveblog<br \/>\nOorlog in Oekra\u00efne\n<\/p>\n<p>                                Oekra\u00efne komt met raamwerk voor nieuw vredesplan, Donbas wordt mogelijk een meer autonome \u2018economische zone\u2019<\/p>\n<p><\/a><\/p>\n<p>Geef cadeau<\/p>\n<p>Deel<\/p>\n<p>Mail de redactie<\/p>\n<p><a aria-label=\"The Trust Project, lees meer over de journalistieke principes van NRC\" class=\"trust__message\" href=\"http:\/\/www.nrc.nl\/over-ons\/#principes\" rel=\"nofollow noopener\" target=\"_blank\"><\/p>\n<p>\tDe journalistieke principes van NRC<br \/>\n<\/a> <\/p>\n","protected":false},"excerpt":{"rendered":"Oekra\u00efne, de Verenigde Staten en de Europese Unie zijn woensdag een raamwerk voor een vredesplan van twintig punten&hellip;\n","protected":false},"author":2,"featured_media":93930,"comment_status":"","ping_status":"","sticky":false,"template":"","format":"standard","meta":{"footnotes":""},"categories":[15],"tags":[39,40,48,43,44,34,35,41,42,46,47,49,45,32,33,50,36,37,38,67,64,65,66],"class_list":{"0":"post-93929","1":"post","2":"type-post","3":"status-publish","4":"format-standard","5":"has-post-thumbnail","7":"category-wereld","8":"tag-breaking-news","9":"tag-breakingnews","10":"tag-dutch","11":"tag-featured-news","12":"tag-featurednews","13":"tag-headlines","14":"tag-hoofdpunten","15":"tag-latest-news","16":"tag-latestnews","17":"tag-nederland","18":"tag-nederlanden","19":"tag-nederlands","20":"tag-netherlands","21":"tag-news","22":"tag-nieuws","23":"tag-nl","24":"tag-top-stories","25":"tag-topstories","26":"tag-voorpaginanieuws","27":"tag-wereld","28":"tag-world","29":"tag-world-news","30":"tag-worldnews"},"share_on_mastodon":{"url":"https:\/\/pubeurope.com\/@nl\/115778377777650301","error":""},"_links":{"self":[{"href":"https:\/\/www.europesays.com\/nl\/wp-json\/wp\/v2\/posts\/93929","targetHints":{"allow":["GET"]}}],"collection":[{"href":"https:\/\/www.europesays.com\/nl\/wp-json\/wp\/v2\/posts"}],"about":[{"href":"https:\/\/www.europesays.com\/nl\/wp-json\/wp\/v2\/types\/post"}],"author":[{"embeddable":true,"href":"https:\/\/www.europesays.com\/nl\/wp-json\/wp\/v2\/users\/2"}],"replies":[{"embeddable":true,"href":"https:\/\/www.europesays.com\/nl\/wp-json\/wp\/v2\/comments?post=93929"}],"version-history":[{"count":0,"href":"https:\/\/www.europesays.com\/nl\/wp-json\/wp\/v2\/posts\/93929\/revisions"}],"wp:featuredmedia":[{"embeddable":true,"href":"https:\/\/www.europesays.com\/nl\/wp-json\/wp\/v2\/media\/93930"}],"wp:attachment":[{"href":"https:\/\/www.europesays.com\/nl\/wp-json\/wp\/v2\/media?parent=93929"}],"wp:term":[{"taxonomy":"category","embeddable":true,"href":"https:\/\/www.europesays.com\/nl\/wp-json\/wp\/v2\/categories?post=93929"},{"taxonomy":"post_tag","embeddable":true,"href":"https:\/\/www.europesays.com\/nl\/wp-json\/wp\/v2\/tags?post=93929"}],"curies":[{"name":"wp","href":"https:\/\/api.w.org\/{rel}","templated":true}]}}