{"id":93994,"date":"2025-12-25T08:37:10","date_gmt":"2025-12-25T08:37:10","guid":{"rendered":"https:\/\/www.europesays.com\/nl\/93994\/"},"modified":"2025-12-25T08:37:10","modified_gmt":"2025-12-25T08:37:10","slug":"wie-is-mijn-echte-vader","status":"publish","type":"post","link":"https:\/\/www.europesays.com\/nl\/93994\/","title":{"rendered":"\u2018Wie is mijn \u00e9chte vader?\u2019"},"content":{"rendered":"<p>Andr\u00e9 Hazes jr. geeft toe aan de geruchten: hij weet niet zeker wie zijn \u00e9chte vader is en heeft zijn moeder Rachel daarom om opheldering gevraagd. Een DNA-test wil hij liever niet. \u201cWaarom?\u201d<\/p>\n<p>        Door onze entertainmentredactie<\/p>\n<p>        <img fetchpriority=\"high\" decoding=\"async\" width=\"1280\" height=\"720\" src=\"https:\/\/www.europesays.com\/nl\/wp-content\/uploads\/2025\/12\/1225-Andre-Evert.jpg\" class=\"attachment-post-thumbnail size-post-thumbnail wp-post-image\" alt=\"Andr\u00e9 Hazes jr. en Evert Santegoeds\"  \/>        \u00a9 SBS    <\/p>\n<p>Er gaan al jaren hardnekkige geruchten dat de legendarische volkszanger Andr\u00e9 Hazes niet de \u00e9chte vader van Andr\u00e9 Hazes jr. is. Zijn moeder Rachel Hazes heeft de lakens ook wel eens met andere heren vuil gemaakt, en tijdens een van die onderonsjes zou Andr\u00e9 jr. zijn verwekt. Naast John de Bever is ook crimineel Marco Eijk genoemd in dit verband.<\/p>\n<p>Wie is echte vader?<\/p>\n<p>Andr\u00e9 jr. zelf twijfelt ook wel een beetje, geeft hij toe in gesprek met Evert Santegoeds. Hij heeft voor het tweede jaar op rij een lang interview opgenomen met de volkszanger en daar werd gisteren de hele uitzending van <a href=\"https:\/\/www.kijk.nl\/programmas\/shownieuws\" rel=\"nofollow noopener\" target=\"_blank\">Shownieuws<\/a> mee gevuld \u2014 hilarisch. Maar goed, Evert had in elk geval het gevoel dat hij met een Heel Belangrijke BN\u2019er praatte.<\/p>\n<p>Op een gegeven moment wordt ook de discussie over zijn vader aangesneden. \u201cHeb je er zelf wel eens aan getwijfeld? Laten we het er toch over hebben\u201d, aldus Evert.<\/p>\n<p>Onder Andr\u00e9\u2019s huid<\/p>\n<p>Opvallend genoeg geeft Andr\u00e9 daarop toe dat hij het ook niet zeker weet. \u201cNiet getwijfeld, maar het ging wel onder m\u2019n huid zitten, want het is nogal een uitspraak die over je wordt gedaan, h\u00e8?\u201d<\/p>\n<p>\u201cIk heb het wel eens aan Rachel gevraagd, van: \u2018Moet ik iets weten?\u2019 Toen was het: \u2018Nee, ik zweer het op m\u2019n kinderen\u2019, en het was echt niet zo. Dan moet je dat maar geloven, zeg maar, maar het heeft wel eventjes onder m\u2019n huid gezeten, ja.\u201d<\/p>\n<p>Rachel die het op haar kinderen zweert? Ehh, had-ie niet beter kunnen vragen of ze het op haar ING-rekening zweert?<\/p>\n<p>DNA-test<\/p>\n<p>Er kan natuurlijk gewoon een DNA-test gedaan worden. Evert: \u201cNooit de behoefte gehad: ik wil het bewijs?\u201d<\/p>\n<p>Andr\u00e9: \u201cNee, dat niet.\u201d<\/p>\n<p>Evert: \u201cWant als je met Nathalie naar zo\u2019n kliniek gaat, dan weet je het binnen een uur.\u201d<\/p>\n<p>Andr\u00e9: \u201cAlleen: waarom zou ik daar in godsnaam aan toe gaan geven? Het is niet dat ik er heel erg aan twijfel.\u201d<\/p>\n<p>Evert: \u201cAls het onder je huid zit wel, denk ik.\u201d<\/p>\n<p>Geen twijfel<\/p>\n<p>Andr\u00e9 nuanceert zichzelf dan. \u201cIk heb er geen twijfel over. Als ik naar mezelf kijk, dan zie ik er anders uit dan m\u2019n vader, maar ik zorg ook beter voor mezelf en sta elke dag in de sportschool en heb voor 500 euro per maand aan dagcr\u00e8mes. Ik zorg heel anders voor mezelf, maar in de kern zie ik mijn vader in mij. Als ik kijk naar m\u2019n mond of de neus, snap je?\u201d<\/p>\n<p>Hij besluit: \u201cDus daar twijfel ik niet echt, maar er is ook zo\u2019n fase geweest dat er foto\u2019s naast elkaar werden gezet van mij en Marco Eijk, een andere ex van Rachel. Dan hebben we allebei lang haar en een baardje. Hij is er niet meer, dus aan hem kan ik het ook niet vragen.\u201d<\/p>\n","protected":false},"excerpt":{"rendered":"Andr\u00e9 Hazes jr. geeft toe aan de geruchten: hij weet niet zeker wie zijn \u00e9chte vader is en&hellip;\n","protected":false},"author":2,"featured_media":93995,"comment_status":"","ping_status":"","sticky":false,"template":"","format":"standard","meta":{"footnotes":""},"categories":[25],"tags":[99,2497,48,98,46,47,49,45,50,2719],"class_list":{"0":"post-93994","1":"post","2":"type-post","3":"status-publish","4":"format-standard","5":"has-post-thumbnail","7":"category-amusement","8":"tag-amusement","9":"tag-andre-hazes-jr","10":"tag-dutch","11":"tag-entertainment","12":"tag-nederland","13":"tag-nederlanden","14":"tag-nederlands","15":"tag-netherlands","16":"tag-nl","17":"tag-rachel-hazes"},"share_on_mastodon":{"url":"https:\/\/pubeurope.com\/@nl\/115779301885252048","error":""},"_links":{"self":[{"href":"https:\/\/www.europesays.com\/nl\/wp-json\/wp\/v2\/posts\/93994","targetHints":{"allow":["GET"]}}],"collection":[{"href":"https:\/\/www.europesays.com\/nl\/wp-json\/wp\/v2\/posts"}],"about":[{"href":"https:\/\/www.europesays.com\/nl\/wp-json\/wp\/v2\/types\/post"}],"author":[{"embeddable":true,"href":"https:\/\/www.europesays.com\/nl\/wp-json\/wp\/v2\/users\/2"}],"replies":[{"embeddable":true,"href":"https:\/\/www.europesays.com\/nl\/wp-json\/wp\/v2\/comments?post=93994"}],"version-history":[{"count":0,"href":"https:\/\/www.europesays.com\/nl\/wp-json\/wp\/v2\/posts\/93994\/revisions"}],"wp:featuredmedia":[{"embeddable":true,"href":"https:\/\/www.europesays.com\/nl\/wp-json\/wp\/v2\/media\/93995"}],"wp:attachment":[{"href":"https:\/\/www.europesays.com\/nl\/wp-json\/wp\/v2\/media?parent=93994"}],"wp:term":[{"taxonomy":"category","embeddable":true,"href":"https:\/\/www.europesays.com\/nl\/wp-json\/wp\/v2\/categories?post=93994"},{"taxonomy":"post_tag","embeddable":true,"href":"https:\/\/www.europesays.com\/nl\/wp-json\/wp\/v2\/tags?post=93994"}],"curies":[{"name":"wp","href":"https:\/\/api.w.org\/{rel}","templated":true}]}}