{"id":94037,"date":"2025-12-25T09:21:10","date_gmt":"2025-12-25T09:21:10","guid":{"rendered":"https:\/\/www.europesays.com\/nl\/94037\/"},"modified":"2025-12-25T09:21:10","modified_gmt":"2025-12-25T09:21:10","slug":"drie-clubs-willen-raul-moro-uit-zijn-lijden-verlossen-bij-ajax","status":"publish","type":"post","link":"https:\/\/www.europesays.com\/nl\/94037\/","title":{"rendered":"&#8216;Drie clubs willen Ra\u00fal Moro uit zijn lijden verlossen bij Ajax&#8217;"},"content":{"rendered":"<p><a class=\"article-details_article-details__section__element--authorName__j3rZA article-details_link__9uNPj\" href=\"https:\/\/www.voetbalzone.nl\/auteur\/wessel-antes\/316901\" rel=\"nofollow noopener\" target=\"_blank\">Wessel Antes<\/a>25 dec 2025, 09:45<\/p>\n<p>Laatst bijgewerkt: 25 dec 2025, 09:45<\/p>\n<p>Espanyol, Real Oviedo en Valencia hebben interesse in Ra\u00fal Moro, zo meldt de Spaanse krant La Raz\u00f3n. De 23-jarige buitenspeler van Ajax geniet ook belangstelling uit Itali\u00eb, maar voelt meer voor een terugkeer naar LaLiga.<\/p>\n<p>Ajax betaalde afgelopen zomer liefst 11 miljoen euro om Moro los te weken bij Real Valladolid. De Spanjaard tekende een contract tot medio 2030.\n<\/p>\n<p>Het Nederlandse avontuur van Moro is nog geen groot succes. Tot dusver kwam hij 794 minuten in actie, verdeeld over negentien optredens.\n<\/p>\n<p>Moro gaf een assist op bezoek bij FC Twente (2-3 winst), maar wist verder geen bijdrage te leveren aan doelpunten in de Eredivisie of Champions League.\n<\/p>\n<p>In de Eurojackpot KNVB beker viel Moro recentelijk goed in tegen Excelsior Maassluis (2-7 winst), met een doelpunt en een assist.\n<\/p>\n<p>Volgens de Spaanse berichtgeving zou Ajax openstaan voor een verhuur van Moro, mits daar een redelijke vergoeding tegenover staat. Espanyol zou op dit moment de beste papieren hebben.\n<\/p>\n<p>Indien Moro Amsterdam verlaat, wil hij het liefst terugkeren naar zijn geboorteland. Volgens Transfermarkt is zijn waarde gedaald naar 7 miljoen euro.<\/p>\n","protected":false},"excerpt":{"rendered":"Wessel Antes25 dec 2025, 09:45 Laatst bijgewerkt: 25 dec 2025, 09:45 Espanyol, Real Oviedo en Valencia hebben interesse&hellip;\n","protected":false},"author":2,"featured_media":94038,"comment_status":"","ping_status":"","sticky":false,"template":"","format":"standard","meta":{"footnotes":""},"categories":[21],"tags":[166,48,20819,46,47,49,45,50,20821,20820,92,91,605,3167],"class_list":{"0":"post-94037","1":"post","2":"type-post","3":"status-publish","4":"format-standard","5":"has-post-thumbnail","7":"category-sport","8":"tag-ajax","9":"tag-dutch","10":"tag-espanyol","11":"tag-nederland","12":"tag-nederlanden","13":"tag-nederlands","14":"tag-netherlands","15":"tag-nl","16":"tag-r-moro","17":"tag-real-oviedo","18":"tag-sport","19":"tag-sports","20":"tag-transfers","21":"tag-valencia"},"share_on_mastodon":{"url":"https:\/\/pubeurope.com\/@nl\/115779474923860503","error":""},"_links":{"self":[{"href":"https:\/\/www.europesays.com\/nl\/wp-json\/wp\/v2\/posts\/94037","targetHints":{"allow":["GET"]}}],"collection":[{"href":"https:\/\/www.europesays.com\/nl\/wp-json\/wp\/v2\/posts"}],"about":[{"href":"https:\/\/www.europesays.com\/nl\/wp-json\/wp\/v2\/types\/post"}],"author":[{"embeddable":true,"href":"https:\/\/www.europesays.com\/nl\/wp-json\/wp\/v2\/users\/2"}],"replies":[{"embeddable":true,"href":"https:\/\/www.europesays.com\/nl\/wp-json\/wp\/v2\/comments?post=94037"}],"version-history":[{"count":0,"href":"https:\/\/www.europesays.com\/nl\/wp-json\/wp\/v2\/posts\/94037\/revisions"}],"wp:featuredmedia":[{"embeddable":true,"href":"https:\/\/www.europesays.com\/nl\/wp-json\/wp\/v2\/media\/94038"}],"wp:attachment":[{"href":"https:\/\/www.europesays.com\/nl\/wp-json\/wp\/v2\/media?parent=94037"}],"wp:term":[{"taxonomy":"category","embeddable":true,"href":"https:\/\/www.europesays.com\/nl\/wp-json\/wp\/v2\/categories?post=94037"},{"taxonomy":"post_tag","embeddable":true,"href":"https:\/\/www.europesays.com\/nl\/wp-json\/wp\/v2\/tags?post=94037"}],"curies":[{"name":"wp","href":"https:\/\/api.w.org\/{rel}","templated":true}]}}