{"id":94125,"date":"2025-12-25T11:15:15","date_gmt":"2025-12-25T11:15:15","guid":{"rendered":"https:\/\/www.europesays.com\/nl\/94125\/"},"modified":"2025-12-25T11:15:15","modified_gmt":"2025-12-25T11:15:15","slug":"georginio-wijnaldum-kan-een-zeer-spraakmakende-teamgenoot-krijgen-in-saudi-arabie","status":"publish","type":"post","link":"https:\/\/www.europesays.com\/nl\/94125\/","title":{"rendered":"&#8216;Georginio Wijnaldum kan een zeer spraakmakende teamgenoot krijgen in Saudi-Arabi\u00eb&#8217;"},"content":{"rendered":"<p><a class=\"article-details_article-details__section__element--authorName__j3rZA article-details_link__9uNPj\" href=\"https:\/\/www.voetbalzone.nl\/auteur\/wessel-antes\/316901\" rel=\"nofollow noopener\" target=\"_blank\">Wessel Antes<\/a>25 dec 2025, 08:52<\/p>\n<p>Laatst bijgewerkt: 25 dec 2025, 08:52<\/p>\n<p>Al-Ettifaq overweegt Mario Balotelli een contract aan te bieden, zo schrijven diverse media uit Itali\u00eb en Saudi-Arabi\u00eb. De 35-jarige spits zit al een half jaar zonder club na zijn vertrek bij Genoa.<\/p>\n<p>De huidige nummer negen van de Saudi Pro League is op zoek naar een concurrent voor Fransman Moussa Demb\u00e9l\u00e9 (29). Balotelli is, ook vanwege zijn naamsbekendheid, een interessante optie.<\/p>\n<p>Al-Ettifaq denkt erover na om Balotelli een contract tot medio 2028 aan te bieden. De Italiaan ziet een lucratief avontuur in het Midden-Oosten wel zitten.\n<\/p>\n<p>In Dammam kan Balotelli teamgenoot worden van Georginio Wijnaldum. De 35-jarige Rotterdammer is momenteel aanvoerder bij Al-Ettifaq.\n<\/p>\n<p>In oktober vertelde Balotelli aan La Gazzetta dello Sport dat hij nog niet van plan is om zijn schoenen aan de wilgen te hangen. Wel was de spits voor zijn doen bijzonder openhartig in dat interview.\n<\/p>\n<p>\u201cOm eerlijk te zijn, zit ik op een dood punt. Fysiek voel ik me goed, want ik train voor mezelf. Deze zomer had ik aanbiedingen uit het buitenland, maar ik hoopte stiekem dat ik nog \u00e9\u00e9n of twee jaar in Itali\u00eb kon blijven. Die kans is echter nooit gekomen\u201d, aldus Balotelli.\n<\/p>\n<p>Balotelli plaatste recentelijk nog een foto met Nederlander Clarence Seedorf op Instagram. \u201cWe hebben nog drie spelers nodig voor ons five-a-side team!\u201d<\/p>\n","protected":false},"excerpt":{"rendered":"Wessel Antes25 dec 2025, 08:52 Laatst bijgewerkt: 25 dec 2025, 08:52 Al-Ettifaq overweegt Mario Balotelli een contract aan&hellip;\n","protected":false},"author":2,"featured_media":94126,"comment_status":"","ping_status":"","sticky":false,"template":"","format":"standard","meta":{"footnotes":""},"categories":[21],"tags":[16294,48,20836,20837,46,47,49,45,50,19610,19609,92,91,605],"class_list":{"0":"post-94125","1":"post","2":"type-post","3":"status-publish","4":"format-standard","5":"has-post-thumbnail","7":"category-sport","8":"tag-al-ettifaq","9":"tag-dutch","10":"tag-g-wijnaldum","11":"tag-m-balotelli","12":"tag-nederland","13":"tag-nederlanden","14":"tag-nederlands","15":"tag-netherlands","16":"tag-nl","17":"tag-saudi-pro-league","18":"tag-saudi-professional-league","19":"tag-sport","20":"tag-sports","21":"tag-transfers"},"share_on_mastodon":{"url":"https:\/\/pubeurope.com\/@nl\/115779922977734494","error":""},"_links":{"self":[{"href":"https:\/\/www.europesays.com\/nl\/wp-json\/wp\/v2\/posts\/94125","targetHints":{"allow":["GET"]}}],"collection":[{"href":"https:\/\/www.europesays.com\/nl\/wp-json\/wp\/v2\/posts"}],"about":[{"href":"https:\/\/www.europesays.com\/nl\/wp-json\/wp\/v2\/types\/post"}],"author":[{"embeddable":true,"href":"https:\/\/www.europesays.com\/nl\/wp-json\/wp\/v2\/users\/2"}],"replies":[{"embeddable":true,"href":"https:\/\/www.europesays.com\/nl\/wp-json\/wp\/v2\/comments?post=94125"}],"version-history":[{"count":0,"href":"https:\/\/www.europesays.com\/nl\/wp-json\/wp\/v2\/posts\/94125\/revisions"}],"wp:featuredmedia":[{"embeddable":true,"href":"https:\/\/www.europesays.com\/nl\/wp-json\/wp\/v2\/media\/94126"}],"wp:attachment":[{"href":"https:\/\/www.europesays.com\/nl\/wp-json\/wp\/v2\/media?parent=94125"}],"wp:term":[{"taxonomy":"category","embeddable":true,"href":"https:\/\/www.europesays.com\/nl\/wp-json\/wp\/v2\/categories?post=94125"},{"taxonomy":"post_tag","embeddable":true,"href":"https:\/\/www.europesays.com\/nl\/wp-json\/wp\/v2\/tags?post=94125"}],"curies":[{"name":"wp","href":"https:\/\/api.w.org\/{rel}","templated":true}]}}