{"id":94317,"date":"2025-12-25T15:19:16","date_gmt":"2025-12-25T15:19:16","guid":{"rendered":"https:\/\/www.europesays.com\/nl\/94317\/"},"modified":"2025-12-25T15:19:16","modified_gmt":"2025-12-25T15:19:16","slug":"het-vermogen-van-keurmeester-en-hygiene-expert-rob-geus","status":"publish","type":"post","link":"https:\/\/www.europesays.com\/nl\/94317\/","title":{"rendered":"Het vermogen van keurmeester en hygi\u00ebne-expert Rob Geus"},"content":{"rendered":"<p>Rob Geus is al jarenlang een vertrouwd gezicht op de Nederlandse televisie. Als hygi\u00ebne-expert werd hij bij het grote publiek vooral bekend door programma\u2019s als De Smaakpolitie, waarin hij zonder omwegen misstanden in de horeca blootlegt. Met zijn kenmerkende directheid en vaste uitspraken groeide hij uit tot een autoriteit op het gebied van voedselveiligheid. Maar terwijl Geus anderen de maat neemt, rijst ook de vraag hoe het er financieel bij hemzelf voorstaat. Het vermogen van Rob Geus uitgelicht.<\/p>\n<p>De carri\u00e8re van Rob Geus<\/p>\n<p>De afgelopen jaren heeft Rob Geus zijn bekendheid succesvol vertaald naar een eigen onderneming. Onder de naam De Keus van Rob Geus introduceerde hij een hygi\u00ebnekeurmerk voor horecabedrijven. Dit keurmerk bestaat uit een fysieke sticker, een vermelding op zijn website en een bijbehorend hygi\u00ebnepakket. Deelname is niet vrijblijvend: voor de eerste toekenning betaalt een ondernemer \u20ac 2.800, gevolgd door een jaarlijkse bijdrage van \u20ac 1.750. De overeenkomst loopt minimaal twee jaar, wat zorgt voor een stabiele inkomstenstroom.<\/p>\n<blockquote class=\"instagram-media\" data-instgrm-captioned=\"\" data-instgrm-permalink=\"https:\/\/www.instagram.com\/p\/DRXDtLZgvZx\/?utm_source=ig_embed&amp;utm_campaign=loading\" data-instgrm-version=\"14\" style=\" background:#FFF; border:0; border-radius:3px; box-shadow:0 0 1px 0 rgba(0,0,0,0.5),0 1px 10px 0 rgba(0,0,0,0.15); margin: 1px; max-width:540px; min-width:326px; padding:0; width:99.375%; width:-webkit-calc(100% - 2px); width:calc(100% - 2px);\"\/>\n<p>Volgens Geus zelf werden in de eerste vijf maanden al tachtig keurmerken verkocht. Omgerekend naar de verplichte looptijd van twee jaar betekent dat een bruto-omzet van ruim \u20ac 360.000. Daarmee vormt het keurmerk een serieuze zakelijke activiteit, los van zijn televisiewerk. Het laat zien dat Geus zijn expertise niet alleen voor de camera, maar ook commercieel weet te benutten.<\/p>\n<p>Lees ook: <a href=\"https:\/\/www.pureluxe.nl\/2022\/04\/keurmeester-rob-geus-wrap-porsche-911\/\" target=\"_blank\" rel=\"noreferrer noopener nofollow\">Keurmeester Rob Geus laat de wrap op zijn Porsche 911 zien<\/a><\/p>\n<p>Het vermogen van de Rotterdammer<\/p>\n<p>Financieel stond de hygi\u00ebne-expert echter al ruim v\u00f3\u00f3r de introductie van zijn keurmerk stevig in zijn schoenen. In zijn persoonlijke holding, Rob Geus Holding B.V., werd in 2014 een eigen <a href=\"https:\/\/www.pureluxe.nl\/tag\/vermogen\/\" target=\"_blank\" rel=\"noreferrer noopener nofollow\">vermogen<\/a> van circa \u20ac 1,1 miljoen genoteerd, wat tegelijkertijd ook de laatst bekende cijfers zijn. Een jaar eerder lag dat bedrag nog rond de \u20ac 943.000. Over dat jaar boekte de onderneming een winst van ongeveer \u20ac 184.000. Daarmee schaart Geus zich onder de relatief kleine groep televisiepersoonlijkheden die ook zakelijk <a href=\"https:\/\/www.pureluxe.nl\/tag\/miljonair\/\" target=\"_blank\" rel=\"noreferrer noopener nofollow\">miljonair<\/a> zijn. Mocht Geus deze aanzienlijke groei hebben gecontinueerd, dan is de Rotterdammer waarschijnlijk multimiljonair.<\/p>\n<p>Ook op woongebied maakte Geus recent een opvallende stap. De geboren Rotterdammer verruilde de Randstad voor Limburg. Zijn villa in Barendrecht werd binnen korte tijd verkocht, <a href=\"https:\/\/www.pureluxe.nl\/2024\/07\/rob-geus-miljoenenvilla-barendrecht\/\" target=\"_blank\" rel=\"noreferrer noopener nofollow\">vermoedelijk voor een bedrag boven de \u20ac 1 miljoen<\/a>, wat zijn rijkdom verder versterkte. Kort daarna kocht hij echter een ruime villa in het Limburgse Landgraaf voor \u20ac 775.000, terwijl de vraagprijs aanvankelijk \u20ac 800.000 bedroeg. Voor de aankoop werd een hypotheek van \u20ac 975.000 ingeschreven. Lees ook: <a href=\"https:\/\/www.pureluxe.nl\/2025\/12\/presentator-rob-geus-villa-limburg-funda\/\" target=\"_blank\" rel=\"noreferrer noopener nofollow\">Binnenkijken: in deze gigantische Limburgse villa resideert hygi\u00ebne-expert Rob Geus<\/a><\/p>\n<p>  <script async src=\"\/\/www.instagram.com\/embed.js\"><\/script><\/p>\n","protected":false},"excerpt":{"rendered":"Rob Geus is al jarenlang een vertrouwd gezicht op de Nederlandse televisie. Als hygi\u00ebne-expert werd hij bij het&hellip;\n","protected":false},"author":2,"featured_media":94318,"comment_status":"","ping_status":"","sticky":false,"template":"","format":"standard","meta":{"footnotes":""},"categories":[31],"tags":[99,147,48,98,5800,46,47,49,45,50,601],"class_list":{"0":"post-94317","1":"post","2":"type-post","3":"status-publish","4":"format-standard","5":"has-post-thumbnail","7":"category-celebrities","8":"tag-amusement","9":"tag-celebrities","10":"tag-dutch","11":"tag-entertainment","12":"tag-miljonair","13":"tag-nederland","14":"tag-nederlanden","15":"tag-nederlands","16":"tag-netherlands","17":"tag-nl","18":"tag-vermogen"},"share_on_mastodon":{"url":"https:\/\/pubeurope.com\/@nl\/115780882482871147","error":""},"_links":{"self":[{"href":"https:\/\/www.europesays.com\/nl\/wp-json\/wp\/v2\/posts\/94317","targetHints":{"allow":["GET"]}}],"collection":[{"href":"https:\/\/www.europesays.com\/nl\/wp-json\/wp\/v2\/posts"}],"about":[{"href":"https:\/\/www.europesays.com\/nl\/wp-json\/wp\/v2\/types\/post"}],"author":[{"embeddable":true,"href":"https:\/\/www.europesays.com\/nl\/wp-json\/wp\/v2\/users\/2"}],"replies":[{"embeddable":true,"href":"https:\/\/www.europesays.com\/nl\/wp-json\/wp\/v2\/comments?post=94317"}],"version-history":[{"count":0,"href":"https:\/\/www.europesays.com\/nl\/wp-json\/wp\/v2\/posts\/94317\/revisions"}],"wp:featuredmedia":[{"embeddable":true,"href":"https:\/\/www.europesays.com\/nl\/wp-json\/wp\/v2\/media\/94318"}],"wp:attachment":[{"href":"https:\/\/www.europesays.com\/nl\/wp-json\/wp\/v2\/media?parent=94317"}],"wp:term":[{"taxonomy":"category","embeddable":true,"href":"https:\/\/www.europesays.com\/nl\/wp-json\/wp\/v2\/categories?post=94317"},{"taxonomy":"post_tag","embeddable":true,"href":"https:\/\/www.europesays.com\/nl\/wp-json\/wp\/v2\/tags?post=94317"}],"curies":[{"name":"wp","href":"https:\/\/api.w.org\/{rel}","templated":true}]}}