{"id":94630,"date":"2025-12-26T00:52:18","date_gmt":"2025-12-26T00:52:18","guid":{"rendered":"https:\/\/www.europesays.com\/nl\/94630\/"},"modified":"2025-12-26T00:52:18","modified_gmt":"2025-12-26T00:52:18","slug":"mussel-wil-bordjes-plaatsen-met-verhalen-uit-tweede-wereldoorlog-ze-mogen-niet-vergeten-worden","status":"publish","type":"post","link":"https:\/\/www.europesays.com\/nl\/94630\/","title":{"rendered":"Mussel wil bordjes plaatsen met verhalen uit Tweede Wereldoorlog: \u2018Ze mogen niet vergeten worden\u2019"},"content":{"rendered":"<p>Comit\u00e9lid Miriam Stuut staat bij haar huis aan de Musselweg. In de gevel zijn nog altijd kogelinslagen te zien, sporen van de bevrijding in april 1945. \u2018Toen we het huis kochten zagen we de gaten en zijn we het verhaal erachter gaan uitzoeken\u2019, vertelt Stuut. Daardoor groeide haar interesse in dit hoofdstuk van de dorpsgeschiedenis. Het was ook een van de aanzetten om dit jaar uitgebreid stil te staan bij 80 jaar bevrijding in Mussel.<\/p>\n<p>12 april<\/p>\n<p>Een speciaal comit\u00e9 verzamelde de verhalen over de bevrijding van Mussel. Deze werden vervolgens gebundeld door Siep Schoenmaker en op 12 april dit jaar verteld in de dorpskern. \u2018Ook van de familie Jager, zijn vertelden een aangrijpend verhaal over hun zusje dat verongelukte. Dat deden ze op de plek waar het gebeurde\u2019, legt Stuut uit.<\/p>\n<p>Ze merkte hoeveel indruk dit maakte op de bezoekers. \u2018We dachten: als er honderd man komt, zijn we tevreden. Maar er bleven die dag maar mensen komen, van zowel binnen als buiten het dorp. Uiteindelijk waren er ruim 350 bezoekers\u2019<\/p>\n<p>Verhalen vereeuwigen<\/p>\n<p>Volgens Stuut zijn de verhalen te bijzonder om maar \u00e9\u00e9n keer te vertellen. Daarom wil het comit\u00e9 ze vereeuwigen met bordjes en QR-codes. \u2018Na 12 april worden de verhalen langzaam weer vergeten, en dat mag niet gebeuren. We willen de verhalen met de bordjes borgen. Als mensen de QR-code scannen, zien ze filmpjes die we zelf gaan maken. Daarin spreken we de verhalen in. We hebben zelfs plannen om iets met een greenscreen te doen.\u2019<\/p>\n<p>Kern met pit<\/p>\n<p>Stuut heeft zelf al een herinneringsbordje voor haar huis geplaatst, met daarop het verhaal over de kogelinslagen in haar woning. Ze weet dan ook dat deze bordjes niet bepaald gratis zijn. Eerder diende het comit\u00e9 een aanvraag in voor duizend euro bij Kern met Pit, dat lokale bewoners initiatieven stimuleert. Nu maken ze kans op de provinciale Kern met Pit-prijs, met een prijzengeld van 1500 euro. \u2018Mensen kunnen stemmen op ons project. Het zou heel mooi zijn als we deze prijs winnen, want dan kunnen we de bordjes laten maken.\u2019<\/p>\n","protected":false},"excerpt":{"rendered":"Comit\u00e9lid Miriam Stuut staat bij haar huis aan de Musselweg. In de gevel zijn nog altijd kogelinslagen te&hellip;\n","protected":false},"author":2,"featured_media":94631,"comment_status":"","ping_status":"","sticky":false,"template":"","format":"standard","meta":{"footnotes":""},"categories":[5],"tags":[39,40,48,43,44,34,35,41,42,46,47,49,45,32,33,50,12203,36,37,38],"class_list":{"0":"post-94630","1":"post","2":"type-post","3":"status-publish","4":"format-standard","5":"has-post-thumbnail","7":"category-hoofdpunten","8":"tag-breaking-news","9":"tag-breakingnews","10":"tag-dutch","11":"tag-featured-news","12":"tag-featurednews","13":"tag-headlines","14":"tag-hoofdpunten","15":"tag-latest-news","16":"tag-latestnews","17":"tag-nederland","18":"tag-nederlanden","19":"tag-nederlands","20":"tag-netherlands","21":"tag-news","22":"tag-nieuws","23":"tag-nl","24":"tag-positie1","25":"tag-top-stories","26":"tag-topstories","27":"tag-voorpaginanieuws"},"share_on_mastodon":{"url":"https:\/\/pubeurope.com\/@nl\/115783135577421972","error":""},"_links":{"self":[{"href":"https:\/\/www.europesays.com\/nl\/wp-json\/wp\/v2\/posts\/94630","targetHints":{"allow":["GET"]}}],"collection":[{"href":"https:\/\/www.europesays.com\/nl\/wp-json\/wp\/v2\/posts"}],"about":[{"href":"https:\/\/www.europesays.com\/nl\/wp-json\/wp\/v2\/types\/post"}],"author":[{"embeddable":true,"href":"https:\/\/www.europesays.com\/nl\/wp-json\/wp\/v2\/users\/2"}],"replies":[{"embeddable":true,"href":"https:\/\/www.europesays.com\/nl\/wp-json\/wp\/v2\/comments?post=94630"}],"version-history":[{"count":0,"href":"https:\/\/www.europesays.com\/nl\/wp-json\/wp\/v2\/posts\/94630\/revisions"}],"wp:featuredmedia":[{"embeddable":true,"href":"https:\/\/www.europesays.com\/nl\/wp-json\/wp\/v2\/media\/94631"}],"wp:attachment":[{"href":"https:\/\/www.europesays.com\/nl\/wp-json\/wp\/v2\/media?parent=94630"}],"wp:term":[{"taxonomy":"category","embeddable":true,"href":"https:\/\/www.europesays.com\/nl\/wp-json\/wp\/v2\/categories?post=94630"},{"taxonomy":"post_tag","embeddable":true,"href":"https:\/\/www.europesays.com\/nl\/wp-json\/wp\/v2\/tags?post=94630"}],"curies":[{"name":"wp","href":"https:\/\/api.w.org\/{rel}","templated":true}]}}