{"id":94640,"date":"2025-12-26T01:15:17","date_gmt":"2025-12-26T01:15:17","guid":{"rendered":"https:\/\/www.europesays.com\/nl\/94640\/"},"modified":"2025-12-26T01:15:17","modified_gmt":"2025-12-26T01:15:17","slug":"voortijdige-feyenoord-exit-denkbaar-kans-op-koop-zeer-klein","status":"publish","type":"post","link":"https:\/\/www.europesays.com\/nl\/94640\/","title":{"rendered":"voortijdige Feyenoord-exit denkbaar, kans op koop &#8216;zeer klein&#8217;"},"content":{"rendered":"<p class=\"intro\">Er bestaat een kans dat Cyle Larin deze winter alweer vertrekt bij Feyenoord. Het Spaanse Superdeporte meldt wel dat de Rotterdammers niet overwegen de huurovereenkomst tussentijds eenzijdig te be\u00ebindigen.<\/p>\n<p>Larin werd afgelopen zomer op Deadline Day gehuurd van RCD Mallorca. Feyenoord bedingt een optie tot koop in de deal met de Spanjaarden, die hoopten dat Larin &#8211; voor 7,5 miljoen euro gekocht &#8211; zijn loopbaan in de Eredivisie nieuw leven in zou blazen. Tot dusver is het geen gelukkig huwelijk. Larin speelde 289 minuten voor Feyenoord, waarin hij \u00e9\u00e9n keer scoorde en \u00e9\u00e9n assist gaf.<\/p>\n<p>&#8216;Cyle Larin is weer te koop&#8217;, kopt het <a target=\"_blank\" href=\"https:\/\/www.superdeporte.es\/futbol\/2025\/12\/24\/cyle-larin-nuevo-mercado-invierno-fichajes-125120067.html?utm_campaign=mrf-twitter-superdeporte_es&amp;mrfcid=20251225694bef1052b98d538af27915\" rel=\"nofollow noopener\">Spaanse medium<\/a>. &#8216;Hij bekijkt zijn opties om Feyenoord in de winterse transferperiode te verlaten&#8217;, valt te lezen. Mallorca wil een groot deel van de som die in Larin ge\u00efnvesteerd is terugverdienen. Feyenoord is volgens de Spanjaarden dan ook niet de juiste club voor de Canadese spits.<\/p>\n<p>&#8216;Bronnen in Rotterdam melden dat Feyenoord op dit moment niet overweegt de huurovereenkomst eenzijdig te be\u00ebindigen&#8217;, klinkt het. De kans dat Feyenoord Larin na dit seizoen definitief overneemt van Mallorca wordt gezien als &#8216;zeer klein&#8217;. <\/p>\n<p>Wie was het koopje van het jaar, welke transfer pakte rampzalig uit, welke club voerde het slimste beleid en wie mag zich d\u00e9 Eredivisie-aankoop van 2025 noemen? Check nu De Grote Kerstspecial van #DoneDeal!<\/p>\n<p>Bekijk Meer<\/p>\n","protected":false},"excerpt":{"rendered":"Er bestaat een kans dat Cyle Larin deze winter alweer vertrekt bij Feyenoord. Het Spaanse Superdeporte meldt wel&hellip;\n","protected":false},"author":2,"featured_media":94641,"comment_status":"","ping_status":"","sticky":false,"template":"","format":"standard","meta":{"footnotes":""},"categories":[21],"tags":[48,46,47,49,45,50,92,91],"class_list":{"0":"post-94640","1":"post","2":"type-post","3":"status-publish","4":"format-standard","5":"has-post-thumbnail","7":"category-sport","8":"tag-dutch","9":"tag-nederland","10":"tag-nederlanden","11":"tag-nederlands","12":"tag-netherlands","13":"tag-nl","14":"tag-sport","15":"tag-sports"},"share_on_mastodon":{"url":"https:\/\/pubeurope.com\/@nl\/115783226022093445","error":""},"_links":{"self":[{"href":"https:\/\/www.europesays.com\/nl\/wp-json\/wp\/v2\/posts\/94640","targetHints":{"allow":["GET"]}}],"collection":[{"href":"https:\/\/www.europesays.com\/nl\/wp-json\/wp\/v2\/posts"}],"about":[{"href":"https:\/\/www.europesays.com\/nl\/wp-json\/wp\/v2\/types\/post"}],"author":[{"embeddable":true,"href":"https:\/\/www.europesays.com\/nl\/wp-json\/wp\/v2\/users\/2"}],"replies":[{"embeddable":true,"href":"https:\/\/www.europesays.com\/nl\/wp-json\/wp\/v2\/comments?post=94640"}],"version-history":[{"count":0,"href":"https:\/\/www.europesays.com\/nl\/wp-json\/wp\/v2\/posts\/94640\/revisions"}],"wp:featuredmedia":[{"embeddable":true,"href":"https:\/\/www.europesays.com\/nl\/wp-json\/wp\/v2\/media\/94641"}],"wp:attachment":[{"href":"https:\/\/www.europesays.com\/nl\/wp-json\/wp\/v2\/media?parent=94640"}],"wp:term":[{"taxonomy":"category","embeddable":true,"href":"https:\/\/www.europesays.com\/nl\/wp-json\/wp\/v2\/categories?post=94640"},{"taxonomy":"post_tag","embeddable":true,"href":"https:\/\/www.europesays.com\/nl\/wp-json\/wp\/v2\/tags?post=94640"}],"curies":[{"name":"wp","href":"https:\/\/api.w.org\/{rel}","templated":true}]}}