{"id":94726,"date":"2025-12-26T08:00:09","date_gmt":"2025-12-26T08:00:09","guid":{"rendered":"https:\/\/www.europesays.com\/nl\/94726\/"},"modified":"2025-12-26T08:00:09","modified_gmt":"2025-12-26T08:00:09","slug":"doodstijd-martijn-krabbe-wordt-ontzettend-uitgevent-door-rtl","status":"publish","type":"post","link":"https:\/\/www.europesays.com\/nl\/94726\/","title":{"rendered":"\u2018Doodstijd Martijn Krabb\u00e9 wordt ontzettend uitgevent door RTL\u2019"},"content":{"rendered":"<p>Martijn Krabb\u00e9 maakte vlak na de jaarwisseling bekend ongeneeslijk ziek te zijn en heeft daar nu, vlak v\u00f3\u00f3r de jaarwisseling, een uitgebreid tv-interview over gegeven. \u201cHet wordt flink uitgevent!\u201d<\/p>\n<p>        Door onze entertainmentredactie<\/p>\n<p>        <img fetchpriority=\"high\" decoding=\"async\" width=\"1280\" height=\"720\" src=\"https:\/\/www.europesays.com\/nl\/wp-content\/uploads\/2025\/12\/1226-Humberto-Martijn.jpg\" class=\"attachment-post-thumbnail size-post-thumbnail wp-post-image\" alt=\"Humberto Tan en Martijn Krabb\u00e9\"  \/>        \u00a9 RTL    <\/p>\n<p>Aan het begin van de week reisde Humberto Tan af naar de BN\u2019er-buurt van Amsterdam om de ongeneeslijk zieke Martijn Krabb\u00e9 op te zoeken. Hij hield daar een <a href=\"https:\/\/www.mediacourant.nl\/2025\/12\/martijn-krabbes-nieuwe-contract-bij-rtl-loopt-een-jaar-risicovol\/\" rel=\"nofollow noopener\" target=\"_blank\">lang interview<\/a> met zijn RTL-collega, dat dinsdag werd uitgezonden in RTL Tonight. Het progamma stond volledig in het teken van dit gesprek; er waren geen andere onderwerpen.<\/p>\n<p>Tranentrekker<\/p>\n<p>Er was geen directe aanleiding voor het tv-gesprek. De gezondheidssituatie van Martijn is nog steeds ongewijzigd. Hij heeft een nieuw, eenjarig contract getekend bij RTL, dus het zou kunnen dat de tv-ster ook volgend jaar kerst nog onder ons is. Mediajournalist Mark Koster hoopt in dat geval dat zijn \u2018doodstrijd\u2019 niet tot die tijd wordt \u2018uitgevent\u2019 door RTL.<\/p>\n<p>Mark vond dat interview van Humberto met Martijn echt too much, schrijft hij in zijn column in <a href=\"https:\/\/www.telegraaf.nl\/entertainment\/media\/mark-koster-tranentrekkende-humberto-tan-ging-wel-heel-ver-in-het-exploiteren-van-het-leed-van-martijn-krabbe\/118411991.html\" rel=\"nofollow noopener\" target=\"_blank\">De Telegraaf<\/a>. \u201cDe tranentrekkende Humberto Tan ging wel heel ver in het exploiteren van het leed van Martijn Krabb\u00e9.\u201d<\/p>\n<p>Emo-eau-de-cologne<\/p>\n<p>Het massale medelijden met BN\u2019ers als Martijn zorgt voor ergernis bij Mark. Hij wijst ook op Suzan &amp; Freek. \u201cHet drama was niet te missen, een dikke walm emo-eau-de-cologne die alle andere leedverhalen verdrong.\u201d<\/p>\n<p>In Martijns geval is het volgens hem nog erger. \u201cHet valt in het niet bij het uitventen van de ziekte van Martijn Krabb\u00e9\u201d, klinkt het. \u201cOok zijn doodstrijd wordt door RTL uitgevent als een meerdelige dramaserie.\u201d<\/p>\n<p>Traanmomenten<\/p>\n<p>Humberto liet alle mediamomenten over Martijns verdrietige toestand nog eens zien aan de presentator. \u201cEen tragische tv-uitvaart waar hij zelf bij was. Tan toonde het tafereel op een iPad.\u201d<\/p>\n<p>Dit moet \u00e9cht stoppen, besluit de mediacolumnist. \u201cDe strijd van Martijn Krabb\u00e9 kennen we. Het zou aardig zijn om dat vanaf nu niet verder te exploiteren.\u201d<\/p>\n<p>Ongemakkelijk<\/p>\n<p>Overigens heeft ook Rob Goossens, de tv-criticus van RTL Boulevard, er met ongemak naar gekeken. \u201cIk voelde me een uur lang een ontzettende voyeur\u201d, schrijft hij op de <a href=\"https:\/\/www.rtl.nl\/boulevard\/entertainment\/artikel\/5547270\/ontroerende-interview-martijn-krabbe-rtl-tonight-columnist\" rel=\"nofollow noopener\" target=\"_blank\">RTL-site<\/a>. <\/p>\n<p>\u201cHumberto Tan hoorde daar niet te zijn en wij als kijker helemaal niet. Het was alsof we iemands dagboek hadden opengeslagen terwijl hij zelf naar de wc was.\u201d<\/p>\n","protected":false},"excerpt":{"rendered":"Martijn Krabb\u00e9 maakte vlak na de jaarwisseling bekend ongeneeslijk ziek te zijn en heeft daar nu, vlak v\u00f3\u00f3r&hellip;\n","protected":false},"author":2,"featured_media":94727,"comment_status":"","ping_status":"","sticky":false,"template":"","format":"standard","meta":{"footnotes":""},"categories":[28],"tags":[99,48,98,191,18114,415,46,47,49,45,50,124],"class_list":{"0":"post-94726","1":"post","2":"type-post","3":"status-publish","4":"format-standard","5":"has-post-thumbnail","7":"category-tv","8":"tag-amusement","9":"tag-dutch","10":"tag-entertainment","11":"tag-humberto-tan","12":"tag-mark-koster","13":"tag-martijn-krabbe","14":"tag-nederland","15":"tag-nederlanden","16":"tag-nederlands","17":"tag-netherlands","18":"tag-nl","19":"tag-tv"},"share_on_mastodon":{"url":"https:\/\/pubeurope.com\/@nl\/115784818721701093","error":""},"_links":{"self":[{"href":"https:\/\/www.europesays.com\/nl\/wp-json\/wp\/v2\/posts\/94726","targetHints":{"allow":["GET"]}}],"collection":[{"href":"https:\/\/www.europesays.com\/nl\/wp-json\/wp\/v2\/posts"}],"about":[{"href":"https:\/\/www.europesays.com\/nl\/wp-json\/wp\/v2\/types\/post"}],"author":[{"embeddable":true,"href":"https:\/\/www.europesays.com\/nl\/wp-json\/wp\/v2\/users\/2"}],"replies":[{"embeddable":true,"href":"https:\/\/www.europesays.com\/nl\/wp-json\/wp\/v2\/comments?post=94726"}],"version-history":[{"count":0,"href":"https:\/\/www.europesays.com\/nl\/wp-json\/wp\/v2\/posts\/94726\/revisions"}],"wp:featuredmedia":[{"embeddable":true,"href":"https:\/\/www.europesays.com\/nl\/wp-json\/wp\/v2\/media\/94727"}],"wp:attachment":[{"href":"https:\/\/www.europesays.com\/nl\/wp-json\/wp\/v2\/media?parent=94726"}],"wp:term":[{"taxonomy":"category","embeddable":true,"href":"https:\/\/www.europesays.com\/nl\/wp-json\/wp\/v2\/categories?post=94726"},{"taxonomy":"post_tag","embeddable":true,"href":"https:\/\/www.europesays.com\/nl\/wp-json\/wp\/v2\/tags?post=94726"}],"curies":[{"name":"wp","href":"https:\/\/api.w.org\/{rel}","templated":true}]}}