{"id":94730,"date":"2025-12-26T08:05:13","date_gmt":"2025-12-26T08:05:13","guid":{"rendered":"https:\/\/www.europesays.com\/nl\/94730\/"},"modified":"2025-12-26T08:05:13","modified_gmt":"2025-12-26T08:05:13","slug":"memphis-depay-pakt-kerstcadeau-van-145-miljoen-uit-2","status":"publish","type":"post","link":"https:\/\/www.europesays.com\/nl\/94730\/","title":{"rendered":"\u2018Memphis Depay pakt kerstcadeau van 145 miljoen uit&#8217;"},"content":{"rendered":"<p><a href=\"https:\/\/www.soccernews.nl\/speler\/memphis-depay\/\" rel=\"nofollow noopener\" target=\"_blank\">Memphis Depay<\/a> won vorige week nog de Braziliaanse beker met Corinthians. Nu wordt hij ineens genoemd in een aantal Engelse geruchten. Keert hij terug naar de Premier League?<\/p>\n<p>\u2018Memphis Depay of andere oud-Eredivisie-spits naar topclub in Premier League\u2019<\/p>\n<p>Een bijzonder bericht op X. Het doorgaans dicht op de materie zittende Indykaila-account op dat sociale medium gooit namelijk een transfernieuwtje in de ether. \u201cLiverpool is op zoek naar oplossingen voor de korte termijn, mocht men de transfer van Antoine Semenyo mislopen.\u201d<\/p>\n<p>De buitenspeler van Bournemouth is zowel begeerd door Liverpool als door Chelsea en Manchester City. Naar verluidt zou hij voor The Citizens kiezen. Terug naar Liverpool, waar twee namen op de shortlist zouden staan. <\/p>\n<p>\u201cHet gaat om Memphis Depay en Alexander S\u00f8rl\u00f8th. Bij de spits van Atl\u00e9tico Madrid zou het eventueel gaan om een huurtransfer. Memphis wordt genoemd omdat hij open staat voor een kortetermijndeal en goede banden heeft met veel Liverpool-spelers.\u201d<\/p>\n<blockquote class=\"twitter-tweet\" data-width=\"550\" data-dnt=\"true\">\n<p lang=\"en\" dir=\"ltr\">Exclusive \ud83d\udca3<\/p>\n<p>LFC exploring short-term attacking options if miss out on Semenyo:<\/p>\n<p>\u2013 Memphis Depay<br \/>\u2013 Alexander S\u00f8rl\u00f8th<\/p>\n<p>S\u00f8rl\u00f8th considered on loan despite strong form at Atl\u00e9tico.<\/p>\n<p>Depay open to short-term deal &amp; has good relations w\/ many LFC players. <a href=\"https:\/\/t.co\/95M5ySUiFM\" rel=\"nofollow\">pic.twitter.com\/95M5ySUiFM<\/a><\/p>\n<p>\u2014 indykaila News (@indykaila) <a href=\"https:\/\/twitter.com\/indykaila\/status\/2003511214907994185?ref_src=twsrc%5Etfw\" rel=\"nofollow noopener\" target=\"_blank\">December 23, 2025<\/a><\/p><\/blockquote>\n<p>145 miljoen in de zomer, nu lange tijd aan de kant<\/p>\n<p>Depay zou bovendien voor trainer Arne Slot een ander probleem oplossen. Alexander Isak werd voor 145 miljoen euro gekocht in de zomer. De Zweed deed het niet bepaald geweldig in zijn eerste maanden als speler van The Reds, maar het drama werd vorige week compleet.<\/p>\n<p>In het duel tegen Tottenham Hotspur scoorde de oud-spits van onder meer Willem II de 0-1. Bij dat doelpunt raakte de Zweed echter zwaar geblesseerd door een charge van Oranje-international Micky van de Ven. Isak liep daarbij een gebroken been op en ligt er minstens twee maanden uit. Memphis zou op korte termijn extra opties in de spits geven.<\/p>\n<p>Matchwinner in Braziliaanse beker<\/p>\n<p>Afgelopen weekend was het juist tijd voor feest voor de topscorer aller tijden van het Nederlands elftal. Memphis won met Corinthians de Braziliaanse beker, door in de terugwedstrijd van de finale Vasco da Gama met 1-2 te verslaan. <\/p>\n<p>De partner in crime van de Oranje-aanvaller, Yuri Alberto, maakte de 0-1, waarna Vasco da Gama op gelijke hoogte kwam. Na een geweldige actie van Breno Bidon, die op het wensenlijstje staat van PSV, kreeg uiteindelijk Memphis een niet te missen kans. Zijn 1-2 leverde Corinthians de bekerwinst op.<\/p>\n<p>        Zie jij Memphis naar Liverpool gaan?    <\/p>\n<ul class=\"bc-poll__options gap-4 list-unstyled bc-poll__voted-remove\">\n<li class=\"bc-poll__option fs-8 fw-bold p-2 mb-4 bg-black text-white text-success-hover\" data-bc-option-id=\"1\" data-bc-selected-classes=\"text-success\" data-bc-icon-name-default=\"square-fill\" data-bc-icon-name-selected=\"check-square\" data-bc-icon-name-selected-classes=\"text-success me-2\">\n<p>                                Ja            <\/li>\n<li class=\"bc-poll__option fs-8 fw-bold p-2 mb-4 bg-black text-white text-success-hover\" data-bc-option-id=\"2\" data-bc-selected-classes=\"text-success\" data-bc-icon-name-default=\"square-fill\" data-bc-icon-name-selected=\"check-square\" data-bc-icon-name-selected-classes=\"text-success me-2\">\n<p>                                Nee            <\/li>\n<\/ul>\n<p>            <script async src=\"https:\/\/platform.twitter.com\/widgets.js\" charset=\"utf-8\"><\/script><\/p>\n","protected":false},"excerpt":{"rendered":"Memphis Depay won vorige week nog de Braziliaanse beker met Corinthians. Nu wordt hij ineens genoemd in een&hellip;\n","protected":false},"author":2,"featured_media":93315,"comment_status":"","ping_status":"","sticky":false,"template":"","format":"standard","meta":{"footnotes":""},"categories":[21],"tags":[48,46,47,49,45,50,92,91],"class_list":{"0":"post-94730","1":"post","2":"type-post","3":"status-publish","4":"format-standard","5":"has-post-thumbnail","7":"category-sport","8":"tag-dutch","9":"tag-nederland","10":"tag-nederlanden","11":"tag-nederlands","12":"tag-netherlands","13":"tag-nl","14":"tag-sport","15":"tag-sports"},"share_on_mastodon":{"url":"https:\/\/pubeurope.com\/@nl\/115784838177078409","error":""},"_links":{"self":[{"href":"https:\/\/www.europesays.com\/nl\/wp-json\/wp\/v2\/posts\/94730","targetHints":{"allow":["GET"]}}],"collection":[{"href":"https:\/\/www.europesays.com\/nl\/wp-json\/wp\/v2\/posts"}],"about":[{"href":"https:\/\/www.europesays.com\/nl\/wp-json\/wp\/v2\/types\/post"}],"author":[{"embeddable":true,"href":"https:\/\/www.europesays.com\/nl\/wp-json\/wp\/v2\/users\/2"}],"replies":[{"embeddable":true,"href":"https:\/\/www.europesays.com\/nl\/wp-json\/wp\/v2\/comments?post=94730"}],"version-history":[{"count":0,"href":"https:\/\/www.europesays.com\/nl\/wp-json\/wp\/v2\/posts\/94730\/revisions"}],"wp:featuredmedia":[{"embeddable":true,"href":"https:\/\/www.europesays.com\/nl\/wp-json\/wp\/v2\/media\/93315"}],"wp:attachment":[{"href":"https:\/\/www.europesays.com\/nl\/wp-json\/wp\/v2\/media?parent=94730"}],"wp:term":[{"taxonomy":"category","embeddable":true,"href":"https:\/\/www.europesays.com\/nl\/wp-json\/wp\/v2\/categories?post=94730"},{"taxonomy":"post_tag","embeddable":true,"href":"https:\/\/www.europesays.com\/nl\/wp-json\/wp\/v2\/tags?post=94730"}],"curies":[{"name":"wp","href":"https:\/\/api.w.org\/{rel}","templated":true}]}}