{"id":95882,"date":"2025-12-27T15:59:05","date_gmt":"2025-12-27T15:59:05","guid":{"rendered":"https:\/\/www.europesays.com\/nl\/95882\/"},"modified":"2025-12-27T15:59:05","modified_gmt":"2025-12-27T15:59:05","slug":"waarom-de-mercedes-cla-de-beste-sedan-van-het-jaar-2026-is","status":"publish","type":"post","link":"https:\/\/www.europesays.com\/nl\/95882\/","title":{"rendered":"Waarom de Mercedes CLA de beste sedan van het jaar 2026 is"},"content":{"rendered":"<p>\u00a0Je hebt wel erg weinig gespreksstof voorhanden als je begint over de actieradius van een brandstofauto. Het verbruik, dat is waar het om gaat. Deze Mercedes zou het gesprek bij EV\u2019s dezelfde richting op kunnen laten kantelen: we spreken hier niet zozeer meer over bereik, maar over effici\u00ebntie.<\/p>\n<p>De CLA 250+ EQ komt ver. Niet door een enorme plak lithium, maar door de ionen daarin goed te benutten. Hij kan met 350 kW opladen. Minder energie die erin gaat, en die er bovendien op een zeer hoog tempo in gaat, betekent kortere en goedkopere stops. Het laden van 360 kilometer aan echt (niet WLTP-berekend) snelwegbereik kost je 15 minuten. Kun je significant sneller tanken, betalen en plassen?<\/p>\n<p>Wat is de actieradius van de CLA?<\/p>\n<p>En ja, de CLA heeft een bereik van 580 kilometer bij snelwegsnelheden. We hebben het gedaan, op een koude, stormachtige novemberdag. Dat is 6,8 kilometer per kWh. Zelfs Tesla\u2019s kunnen daar niet aan tippen. En volgens de WLTP-metingen kan ie in totaal bijna de 800 kilometer aantikken.<\/p>\n<p>Hij wint op bereik door zowel een groot accupakket als een hoge effici\u00ebntie. Hij wint op aerodynamisch vlak door zowel een lage luchtweerstandsco\u00ebffici\u00ebnt als een klein frontaal oppervlak. Hij wint op aandrijfeffici\u00ebntie door een op de Formule 1 ge\u00efnspireerde motor, die bij alle snelheden goed werkt via een transmissie met twee -versnellingen. De accu wint op capaciteit en laadtijd door doorbraken qua chemie en koeling. De CLA gaat niet over winsten die verliezen compenseren. Het zijn allemaal winsten.<\/p>\n<p>Oh ja: en zijn onderstel zorgt voor een soepele, goed gedempte en stille tred. Zijn besturing heeft een vloeiende opbouw en is zuiver dankzij achterwielaandrijving. Zijn stoelen zijn fantastisch. Het interieur is prettig, zowel qua bediening als qua uitstraling. Mercedes spreekt zelf van baanbrekende AI-connectiviteit en een emotionele rijervaring. Het eerste verandert niets en het tweede is nogal overdreven. Maar als auto om je door het leven te vergezellen, is hij absoluut voortreffelijk.<\/p>\n<p><a href=\"https:\/\/topgear.nl\/autonieuws\/topgear-awards-2026-dit-zijn-de-beste-autos-van-het-jaar\/\" rel=\"nofollow noopener\" target=\"_blank\"><img data-lazyloaded=\"1\" fetchpriority=\"high\" decoding=\"async\" width=\"1920\" height=\"1080\" src=\"https:\/\/www.europesays.com\/nl\/wp-content\/uploads\/2025\/12\/topgear-awards-2026-in-2025.jpg\" alt=\"\" class=\"wp-image-477835 size-full\"  data-\/><\/a><\/p>\n","protected":false},"excerpt":{"rendered":"\u00a0Je hebt wel erg weinig gespreksstof voorhanden als je begint over de actieradius van een brandstofauto. Het verbruik,&hellip;\n","protected":false},"author":2,"featured_media":95883,"comment_status":"","ping_status":"","sticky":false,"template":"","format":"standard","meta":{"footnotes":""},"categories":[17],"tags":[73,6827,74,819,48,2705,46,47,49,45,50,21150,75],"class_list":{"0":"post-95882","1":"post","2":"type-post","3":"status-publish","4":"format-standard","5":"has-post-thumbnail","7":"category-zakelijk","8":"tag-business","9":"tag-c-segment","10":"tag-commercial","11":"tag-duitsland","12":"tag-dutch","13":"tag-elektrisch","14":"tag-nederland","15":"tag-nederlanden","16":"tag-nederlands","17":"tag-netherlands","18":"tag-nl","19":"tag-topgear-awards-2026","20":"tag-zakelijk"},"share_on_mastodon":{"url":"https:\/\/pubeurope.com\/@nl\/115792364970203096","error":""},"_links":{"self":[{"href":"https:\/\/www.europesays.com\/nl\/wp-json\/wp\/v2\/posts\/95882","targetHints":{"allow":["GET"]}}],"collection":[{"href":"https:\/\/www.europesays.com\/nl\/wp-json\/wp\/v2\/posts"}],"about":[{"href":"https:\/\/www.europesays.com\/nl\/wp-json\/wp\/v2\/types\/post"}],"author":[{"embeddable":true,"href":"https:\/\/www.europesays.com\/nl\/wp-json\/wp\/v2\/users\/2"}],"replies":[{"embeddable":true,"href":"https:\/\/www.europesays.com\/nl\/wp-json\/wp\/v2\/comments?post=95882"}],"version-history":[{"count":0,"href":"https:\/\/www.europesays.com\/nl\/wp-json\/wp\/v2\/posts\/95882\/revisions"}],"wp:featuredmedia":[{"embeddable":true,"href":"https:\/\/www.europesays.com\/nl\/wp-json\/wp\/v2\/media\/95883"}],"wp:attachment":[{"href":"https:\/\/www.europesays.com\/nl\/wp-json\/wp\/v2\/media?parent=95882"}],"wp:term":[{"taxonomy":"category","embeddable":true,"href":"https:\/\/www.europesays.com\/nl\/wp-json\/wp\/v2\/categories?post=95882"},{"taxonomy":"post_tag","embeddable":true,"href":"https:\/\/www.europesays.com\/nl\/wp-json\/wp\/v2\/tags?post=95882"}],"curies":[{"name":"wp","href":"https:\/\/api.w.org\/{rel}","templated":true}]}}