{"id":95924,"date":"2025-12-27T16:37:18","date_gmt":"2025-12-27T16:37:18","guid":{"rendered":"https:\/\/www.europesays.com\/nl\/95924\/"},"modified":"2025-12-27T16:37:18","modified_gmt":"2025-12-27T16:37:18","slug":"uitgifte-resterende-capaciteit-lokale-dab-netten-binnenkort-van-start","status":"publish","type":"post","link":"https:\/\/www.europesays.com\/nl\/95924\/","title":{"rendered":"Uitgifte resterende capaciteit lokale DAB+-netten binnenkort van start"},"content":{"rendered":"<p>Het Ministerie van Economische Zaken (EZ) start binnenkort met de uitgifte van de restcapaciteit op de lokale DAB+-netten. De restcapaciteit wordt niet meer geveild, maar verdeeld op volgorde van aanvraag. Daarnaast mogen lokale publieke omroepen in de toekomst een tweede vergunning aanvragen.<\/p>\n<p><img fetchpriority=\"high\" decoding=\"async\" class=\"size-full wp-image-445291 webpexpress-processed\" src=\"https:\/\/www.europesays.com\/nl\/wp-content\/uploads\/2025\/12\/Jamm-FM-DAB-1000x417-1.jpg\" alt=\"\" width=\"1000\" height=\"417\"  \/>Foto: RadioWereld.NL<\/p>\n<p>In\u00a0<a href=\"https:\/\/radiowereld.nl\/dab\/2024\/06\/verdeling-lokale-dab-capaciteit-voor-commerciele-radio-van-start\/\" rel=\"nofollow noopener\" target=\"_blank\">juni vorig jaar startte EZ met de eerste verdeelronde van lokale DAB+-capaciteit voor commerci\u00eble radio<\/a>. In totaal waren er 815 vergunningen beschikbaar verdeeld over 57 allotments.<\/p>\n<p>Weinig animo<br \/>Het was de bedoeling dat als er meer aanvragen voor een allotment zouden binnenkomen dan er aan capaciteit beschikbaar was, er geveild zou gaan worden. Maar het aantal aanvragen\u00a0<a href=\"https:\/\/radiowereld.nl\/dab\/2024\/08\/rdi-verleent-eerste-lokale-dab-vergunningen-aan-commerciele-radiostations\/\" rel=\"nofollow noopener\" target=\"_blank\">was dermate laag dat er geen veiling nodig was<\/a>.<\/p>\n<p>Veel lokale commerci\u00eble stations besloten om geen aanvraag in te dienen vanwege vooral financi\u00eble onzekerheden. Zo was nog onduidelijk\u00a0<a href=\"https:\/\/radiowereld.nl\/dab\/2024\/04\/veel-kritiek-op-nieuwe-regelgeving-lokale-commerciele-radio-op-dab\/\" rel=\"nofollow noopener\" target=\"_blank\">wat de kosten voor de verschillende netwerken zouden zijn<\/a>, alsmede hoe\u00a0<a href=\"https:\/\/radiowereld.nl\/dab\/2024\/12\/slechts-voor-helft-lokale-dab-allotments-keuze-bij-collectief-aanbod-nlpo\/\" rel=\"nofollow noopener\" target=\"_blank\">het collectief DAB+-aanbod van de NLPO er uit zou gaan zien<\/a>\u00a0en de daaraan verbonden kosten.<\/p>\n<p>Meer duidelijkheid<br \/>Inmiddels is er meer duidelijkheid mede doordat\u00a0de alle vergunde netwerken in de lucht zijn. Een deel van de omroepen maakt hiervoor gebruik van het aanbod van de NLPO, terwijl andere vergunninghouders de uitrol zelf regelen, al dan niet in samenwerking met een zenderexploitant.<\/p>\n<p>Tekst gaat verder onder de kaart<\/p>\n<p><img loading=\"lazy\" decoding=\"async\" class=\"size-full wp-image-427281 webpexpress-processed\" src=\"https:\/\/www.europesays.com\/nl\/wp-content\/uploads\/2025\/12\/DAB-allotments-lokale-radio-1000.jpg\" alt=\"\" width=\"1000\" height=\"865\"  \/>Kaart: RDI<\/p>\n<p>Daarom start binnenkort een nieuwe verdeelronde voor de restcapaciteit. Deze wordt, <a href=\"https:\/\/radiowereld.nl\/dab-plus\/2025\/10\/consultatie-uitgifte-resterende-capaciteit-lokale-dab-netten-gestart\/\" target=\"_blank\" rel=\"noopener nofollow\">zoals eerder al bekend werd<\/a>, niet geveild maar verdeeld op volgorde van aanvraag.<\/p>\n<p>Dinsdag is de \u2018Regeling aanvraagprocedure bij verlening op volgorde van binnenkomst digitale commerci\u00eble radio-omroep DAB laag 6\u2019 gepubliceerd in de Staatscourant en sinds woensdag is deze van kracht. Daarmee wordt afgeweken van het gebruikelijke termijn twee maanden van publicatie voor inwerkingtreding. \u201cDit is gedaan in het belang van de toekomstige aanvragers en de reeds zittende partijen die er baat bij hebben dat potenti\u00eble nieuwe partijen zo snel mogelijk toetreden om met hen de lasten te delen,\u201d aldus demissionair minister Karremans van EZ.<\/p>\n<p>Dit betekent overigens niet dat er nu al aanvragen kunnen worden ingediend. Een datum hiervoor wordt nog bekendgemaakt. Maar gezien het feit dat afgeweken is van de termijn van twee maanden zal dit naar verwachting op korte termijn zijn.<\/p>\n<p>Beperkingen<br \/>Om te voorkomen dat \u00e9\u00e9n partij gelijk alle restcapaciteit voor een allotment gaat aanvragen, geldt de beperking dat \u00a0commerci\u00eble partijen gedurende de eerste vier weken slechts \u00e9\u00e9n vergunning per allotment mogen aanvragen, waardoor alle ge\u00efnteresseerde partijen een eerlijke kans krijgen. Na vier weken vervalt deze beperking.<\/p>\n<p>In stand blijft de beperking dat een radiostation op maximaal drie aansluitende allotments mag uitzenden. Meerdere commerci\u00eble partijen hadden <a href=\"https:\/\/radiowereld.nl\/dab-plus\/2025\/10\/consultatie-uitgifte-resterende-capaciteit-lokale-dab-netten-gestart\/\" target=\"_blank\" rel=\"noopener nofollow\">bij de consultatie<\/a> verzocht om dit aantal op te rekken naar vijf, maar hier is geen gehoor aan gegeven. Wel wordt de uitrolverplichting iets versoepeld al is nog niet duidelijk hoe deze versoepeling er precies uit gaat zien.<\/p>\n<p>Lokale publieke omroepen<br \/>Nieuw is dat lokale publieke omroepen een tweede vergunning mogen aanvragen voor de allotments waarin hun verzorgingsgebied valt. Tot nu toe\u00a0<a href=\"https:\/\/radiowereld.nl\/dab-plus\/2023\/09\/ezk-maakt-funx-via-lokale-dab-netten-in-4-grote-steden-mogelijk\/\" rel=\"nofollow noopener\" target=\"_blank\">was deze mogelijkheid er alleen voor de lokale publieke omroepen in Amsterdam, Den Haag, Rotterdam en Utrecht voor de lokale editie van FunX<\/a>.<\/p>\n<p>Voor de tweede vergunning binnen het eigen allotment wordt echter geen capaciteit gereserveerd voor de lokale omroepen. Ook is het nu nog niet gelijk mogelijk voor lokale publieke omroepen om een tweede vergunning aan te vragen, maar pas over vier tot zes maanden. Een datum hiervoor wordt eveneens nog bekendgemaakt. Commerci\u00eble partijen worden als eerste in de gelegenheid gesteld om extra frequentieruimte aan te vragen. [RadioWereld.NL]<\/p>\n","protected":false},"excerpt":{"rendered":"Het Ministerie van Economische Zaken (EZ) start binnenkort met de uitgifte van de restcapaciteit op de lokale DAB+-netten.&hellip;\n","protected":false},"author":2,"featured_media":95925,"comment_status":"","ping_status":"","sticky":false,"template":"","format":"standard","meta":{"footnotes":""},"categories":[27],"tags":[99,48,98,120,121,46,47,49,45,50],"class_list":{"0":"post-95924","1":"post","2":"type-post","3":"status-publish","4":"format-standard","5":"has-post-thumbnail","7":"category-muziek","8":"tag-amusement","9":"tag-dutch","10":"tag-entertainment","11":"tag-music","12":"tag-muziek","13":"tag-nederland","14":"tag-nederlanden","15":"tag-nederlands","16":"tag-netherlands","17":"tag-nl"},"share_on_mastodon":{"url":"https:\/\/pubeurope.com\/@nl\/115792514044193892","error":""},"_links":{"self":[{"href":"https:\/\/www.europesays.com\/nl\/wp-json\/wp\/v2\/posts\/95924","targetHints":{"allow":["GET"]}}],"collection":[{"href":"https:\/\/www.europesays.com\/nl\/wp-json\/wp\/v2\/posts"}],"about":[{"href":"https:\/\/www.europesays.com\/nl\/wp-json\/wp\/v2\/types\/post"}],"author":[{"embeddable":true,"href":"https:\/\/www.europesays.com\/nl\/wp-json\/wp\/v2\/users\/2"}],"replies":[{"embeddable":true,"href":"https:\/\/www.europesays.com\/nl\/wp-json\/wp\/v2\/comments?post=95924"}],"version-history":[{"count":0,"href":"https:\/\/www.europesays.com\/nl\/wp-json\/wp\/v2\/posts\/95924\/revisions"}],"wp:featuredmedia":[{"embeddable":true,"href":"https:\/\/www.europesays.com\/nl\/wp-json\/wp\/v2\/media\/95925"}],"wp:attachment":[{"href":"https:\/\/www.europesays.com\/nl\/wp-json\/wp\/v2\/media?parent=95924"}],"wp:term":[{"taxonomy":"category","embeddable":true,"href":"https:\/\/www.europesays.com\/nl\/wp-json\/wp\/v2\/categories?post=95924"},{"taxonomy":"post_tag","embeddable":true,"href":"https:\/\/www.europesays.com\/nl\/wp-json\/wp\/v2\/tags?post=95924"}],"curies":[{"name":"wp","href":"https:\/\/api.w.org\/{rel}","templated":true}]}}