{"id":96120,"date":"2025-12-27T21:33:10","date_gmt":"2025-12-27T21:33:10","guid":{"rendered":"https:\/\/www.europesays.com\/nl\/96120\/"},"modified":"2025-12-27T21:33:10","modified_gmt":"2025-12-27T21:33:10","slug":"zelensky-spreekt-europese-leiders-voorafgaand-aan-ontmoeting-met-trump-rusland-vastberaden-om-oorlog-voort-te-zetten","status":"publish","type":"post","link":"https:\/\/www.europesays.com\/nl\/96120\/","title":{"rendered":"Zelensky spreekt Europese leiders voorafgaand aan ontmoeting met Trump: \u2018Rusland vastberaden om oorlog voort te zetten\u2019"},"content":{"rendered":"<p>De Oekra\u00efense president Volodymyr Zelensky heeft zaterdag telefonisch overleg gevoerd met Europese leiders, een dag voordat hij de Amerikaanse president Donald Trump zal ontmoeten. Dat <a href=\"https:\/\/www.lemonde.fr\/international\/live\/2025\/12\/27\/en-direct-guerre-en-ukraine-volodymyr-zelensky-fait-une-escale-au-canada-avant-sa-rencontre-avec-donald-trump-dimanche-en-floride_6658995_3210.html\" rel=\"nofollow noopener\" target=\"_blank\">meldt<\/a> de Franse krant Le Monde.<\/p>\n<p>Zelensky zei na het overleg<a href=\"https:\/\/x.com\/ZelenskyyUa\/status\/2004992485584429062?s=20\" rel=\"nofollow\"> in een bericht op X<\/a> dat Rusland Oekra\u00efense steden en burgers blijft terroriseren. Volgens hem heeft Moskou zelfs voorstellen voor een kerstbestand afgewezen en voert het de intensiteit van raket- en drone-aanvallen verder op. \u201eDit is een duidelijk signaal van hoe zij diplomatie werkelijk zien,\u201d aldus de Oekra\u00efense president.<\/p>\n<p>Zelensky zou zijn bondgenoten hebben bijgepraat over zijn aanstaande ontmoeting met Trump in Florida, waar zal worden gesproken over de voortdurende vredesonderhandelingen tussen Rusland en Oekra\u00efne, die via de Verenigde Staten verlopen.<\/p>\n<p>Zelensky voerde het telefoongesprek vanuit Canada, vanwaar hij doorreist naar de Verenigde Staten. Zaterdagavond ontmoette hij daar de Canadese premier Mark Carney, die eveneens deelnam aan het overleg. Ook leiders van de Europese Unie, onder wie demissionair premier Dick Schoof, en vertegenwoordigers van de NAVO sloten aan bij het gesprek.<\/p>\n<p>Het overleg vond plaats op een moment dat grote delen van de Oekra\u00efense hoofdstad Kyiv nog steeds zonder stroom zitten door Russische aanvallen; volgens een Oekra\u00efense energiemaatschappij gaat het om \u00e9\u00e9n miljoen mensen. In de nacht van vrijdag op zaterdag werd de stad opnieuw getroffen door Russische drone- en raketaanvallen. Volgens Zelensky ging het om vijfhonderd drones, waarna in verschillende wijken de elektriciteit uitviel. De temperatuur ligt rond \u00e9\u00e9n graad Celsius en zal de komende dagen verder dalen tot onder het vriespunt.<\/p>\n<p>De Franse president Emmanuel Macron, die ook deelnam aan het telefoongesprek, stelde volgens Le Monde dat de grootschalige aanvallen op Kyiv het contrast laten zien tussen de bereidheid van Oekra\u00efne om te werken aan een duurzame vrede en de vastberadenheid van Rusland om de oorlog die het zelf is begonnen, voort te zetten.<\/p>\n<p>Ook EU-Commissievoorzitter Ursula von der Leyen liet na het overleg van zich horen in een <a href=\"https:\/\/x.com\/vonderleyen\/status\/2004998697231200301?s=20\" rel=\"nofollow\">bericht op X<\/a>. Ze beklemtoonde dat Brussel, ook in 2026 de druk op het Kremlin zal blijven opvoeren, Oekra\u00efne onverminderd zal blijven steunen en zich intensief zal inzetten om het land te begeleiden op weg naar het EU-lidmaatschap.<\/p>\n<p><a class=\"dmt-article-suggestion\" href=\"https:\/\/www.nrc.nl\/nieuws\/2025\/08\/19\/oekraineblog-19-aug-a4903434\" rel=\"nofollow noopener\" target=\"_blank\"><\/p>\n<p>\nLiveblog<br \/>\nOorlog in Oekra\u00efne\n<\/p>\n<p>                                Anticorruptiedienst doet inval Oekra\u00efens parlement<\/p>\n<p><\/a><\/p>\n<p>Geef cadeau<\/p>\n<p>Deel<\/p>\n<p>Mail de redactie<\/p>\n<p><a aria-label=\"The Trust Project, lees meer over de journalistieke principes van NRC\" class=\"trust__message\" href=\"http:\/\/www.nrc.nl\/over-ons\/#principes\" rel=\"nofollow noopener\" target=\"_blank\"><\/p>\n<p>\tDe journalistieke principes van NRC<br \/>\n<\/a> <\/p>\n","protected":false},"excerpt":{"rendered":"De Oekra\u00efense president Volodymyr Zelensky heeft zaterdag telefonisch overleg gevoerd met Europese leiders, een dag voordat hij de&hellip;\n","protected":false},"author":2,"featured_media":96121,"comment_status":"","ping_status":"","sticky":false,"template":"","format":"standard","meta":{"footnotes":""},"categories":[15],"tags":[39,40,48,43,44,34,35,41,42,46,47,49,45,32,33,50,36,37,38,67,64,65,66],"class_list":{"0":"post-96120","1":"post","2":"type-post","3":"status-publish","4":"format-standard","5":"has-post-thumbnail","7":"category-wereld","8":"tag-breaking-news","9":"tag-breakingnews","10":"tag-dutch","11":"tag-featured-news","12":"tag-featurednews","13":"tag-headlines","14":"tag-hoofdpunten","15":"tag-latest-news","16":"tag-latestnews","17":"tag-nederland","18":"tag-nederlanden","19":"tag-nederlands","20":"tag-netherlands","21":"tag-news","22":"tag-nieuws","23":"tag-nl","24":"tag-top-stories","25":"tag-topstories","26":"tag-voorpaginanieuws","27":"tag-wereld","28":"tag-world","29":"tag-world-news","30":"tag-worldnews"},"share_on_mastodon":{"url":"https:\/\/pubeurope.com\/@nl\/115793677816512257","error":""},"_links":{"self":[{"href":"https:\/\/www.europesays.com\/nl\/wp-json\/wp\/v2\/posts\/96120","targetHints":{"allow":["GET"]}}],"collection":[{"href":"https:\/\/www.europesays.com\/nl\/wp-json\/wp\/v2\/posts"}],"about":[{"href":"https:\/\/www.europesays.com\/nl\/wp-json\/wp\/v2\/types\/post"}],"author":[{"embeddable":true,"href":"https:\/\/www.europesays.com\/nl\/wp-json\/wp\/v2\/users\/2"}],"replies":[{"embeddable":true,"href":"https:\/\/www.europesays.com\/nl\/wp-json\/wp\/v2\/comments?post=96120"}],"version-history":[{"count":0,"href":"https:\/\/www.europesays.com\/nl\/wp-json\/wp\/v2\/posts\/96120\/revisions"}],"wp:featuredmedia":[{"embeddable":true,"href":"https:\/\/www.europesays.com\/nl\/wp-json\/wp\/v2\/media\/96121"}],"wp:attachment":[{"href":"https:\/\/www.europesays.com\/nl\/wp-json\/wp\/v2\/media?parent=96120"}],"wp:term":[{"taxonomy":"category","embeddable":true,"href":"https:\/\/www.europesays.com\/nl\/wp-json\/wp\/v2\/categories?post=96120"},{"taxonomy":"post_tag","embeddable":true,"href":"https:\/\/www.europesays.com\/nl\/wp-json\/wp\/v2\/tags?post=96120"}],"curies":[{"name":"wp","href":"https:\/\/api.w.org\/{rel}","templated":true}]}}