{"id":96411,"date":"2025-12-28T09:34:10","date_gmt":"2025-12-28T09:34:10","guid":{"rendered":"https:\/\/www.europesays.com\/nl\/96411\/"},"modified":"2025-12-28T09:34:10","modified_gmt":"2025-12-28T09:34:10","slug":"les-legions-du-declin-la-derniere-marche","status":"publish","type":"post","link":"https:\/\/www.europesays.com\/nl\/96411\/","title":{"rendered":"Les L\u00e9gions Du D\u00e9clin \u2013 La Derni\u00e8re Marche"},"content":{"rendered":"<p>Je kan niet rond je kijken of je ziet in het Belgenland flitspalen verschijnen. Is dit zo eigenaardig? Nee hoor, evenmin dat het eigenaardig is dat alleskunner en multi-instrumentalist D\u00e9h\u00e0 weer een andere band heeft opgericht. Het lijkt wel nummer tig-en-duizend te zijn. Ditmaal werkt hij samen met een zekere dame Brouillard (Brouillard, <a href=\"https:\/\/zwaremetalen.com\/albumrecensies\/sphere-%CF%80\" target=\"_blank\" rel=\"noopener noreferrer nofollow\">Sphere<\/a>, 1928, Alukta). Zij richtten Les L\u00e9gions Du D\u00e9clin op. Dit La Derni\u00e8re Marche is hun eerste boreling en komt via het Franse label Transcendance en dat is, als ik goed ben ge\u00efnformeerd, het label van Brouillard zelf.<\/p>\n<p>Waar Sphere en de andere bands van Brouillard wat meer van een atmosferische, ambient inslag zijn, lijkt dit Les L\u00e9gions Du Declin ruwere, rauwere en meer ongepolijste black metal te brengen. Iets wat dan ook meteen meer aansluit op het gros van het werk van meester D\u00e9h\u00e0. Denk dan aan zijn laatste bijdrage aan de plaat van<a href=\"https:\/\/zwaremetalen.com\/albumrecensies\/illusive-key-consume-us\" target=\"_blank\" rel=\"noopener noreferrer nofollow\"> Illusive Key<\/a> om maar iets te noemen.<\/p>\n<p>Met een schreeuw die door merg en been gaat, start deze plaat. Niet alleen de scream snijdt door de boter alsof het niks is, ook de pitsend, nijpende gitaarpartij doet hiertoe zijn best. Het spreekt voor zich dat een passende, eerder stoffige, noem het rokerige productie op de plaats is. Retour De Flamme, want zo heet het eerste nummer, is meteen een stevige knipoog naar de Franse blackmetalschool van de jaren \u201990. Rudimentaire doch melodieuze gitaren worden ondersteund door een monotoon blasttapijt, goed genoeg om alles aan elkaar te timmeren. Soms is eenvoud troef, ik schrijf het wel vaker. De titelsong heeft iets bijzonder hero\u00efsch en episch in zich en niet alleen in het hoofdthema of in de instrumentale toevoegingen. Het gaat hem hier om de cleane samenzang, die wordt onderbroken door de scream van Brouillard (denk ik), die je onmiddellijk aanzet om met vlag en wimpel de barricades op te kruipen! Zeker wanneer er een magistrale partij komt aanwaaien! Sterk!<\/p>\n<p>On L\u00e8ve Le Camp opent traag en wordt in de eerste maten gestuurd door een obscuur synthgebeuren dat de hoofdmelodie klaar legt om gegrepen te worden. Heerlijk hoe die rasperige gitaren hun best doen om er toch nog tussen te komen. Het geeft het geheel iets authentieks mee. Travers\u00e9e Du Chaos is een koele gitaartokkel die als een soort van brugfunctie dient tussen bovenstaand nummer en de rest van de plaat\u2026 die gelukkig niet al te veel verschilt van het eerste deel.<\/p>\n<p>Hoop en al net iets meer dan dertig minuten robuust klinkende ruwe en stoffige black metal uit de Franse school. Dat is hetgeen je mag verwachten op La Derni\u00e8re Marche van Les L\u00e9gions Du D\u00e9clin. Niks meer, niks minder. Klaar! Goed!<\/p>\n<p>\t<img decoding=\"async\" class=\"alignright review-thumbnail\" src=\"https:\/\/www.europesays.com\/nl\/wp-content\/uploads\/2025\/12\/LLD.jpg\"\/><\/p>\n<p>Score:<\/p>\n<p>80\/100<\/p>\n<p>Label:<\/p>\n<p>Transcendance, 2025\t<\/p>\n<p>Tracklisting:<\/p>\n<ol>\n<li>Retour De Flamme<\/li>\n<li>La L\u00e9gion Marche<\/li>\n<li>On L\u00e8ve Le Camp<\/li>\n<li>Travers\u00e9e Du Chaos<\/li>\n<li>Les L\u00e9gions Du D\u00e9clin<\/li>\n<li>Effrondement<\/li>\n<\/ol>\n<p>Line-up:<\/p>\n<ul>\n<li>D\u00e9h\u00e0 \u2013 Onbekend<\/li>\n<li>Brouillard \u2013 Onbekend<\/li>\n<\/ul>\n<p>Link:<\/p>\n","protected":false},"excerpt":{"rendered":"Je kan niet rond je kijken of je ziet in het Belgenland flitspalen verschijnen. Is dit zo eigenaardig?&hellip;\n","protected":false},"author":2,"featured_media":96412,"comment_status":"","ping_status":"","sticky":false,"template":"","format":"standard","meta":{"footnotes":""},"categories":[27],"tags":[697,99,1788,48,98,21240,21241,120,121,46,47,49,45,50,21242,541],"class_list":{"0":"post-96411","1":"post","2":"type-post","3":"status-publish","4":"format-standard","5":"has-post-thumbnail","7":"category-muziek","8":"tag-albumreview","9":"tag-amusement","10":"tag-black-metal","11":"tag-dutch","12":"tag-entertainment","13":"tag-la-derniere-marche","14":"tag-les-legions-du-declin","15":"tag-music","16":"tag-muziek","17":"tag-nederland","18":"tag-nederlanden","19":"tag-nederlands","20":"tag-netherlands","21":"tag-nl","22":"tag-transcendance","23":"tag-zware-metalen"},"share_on_mastodon":{"url":"https:\/\/pubeurope.com\/@nl\/115796513270288108","error":""},"_links":{"self":[{"href":"https:\/\/www.europesays.com\/nl\/wp-json\/wp\/v2\/posts\/96411","targetHints":{"allow":["GET"]}}],"collection":[{"href":"https:\/\/www.europesays.com\/nl\/wp-json\/wp\/v2\/posts"}],"about":[{"href":"https:\/\/www.europesays.com\/nl\/wp-json\/wp\/v2\/types\/post"}],"author":[{"embeddable":true,"href":"https:\/\/www.europesays.com\/nl\/wp-json\/wp\/v2\/users\/2"}],"replies":[{"embeddable":true,"href":"https:\/\/www.europesays.com\/nl\/wp-json\/wp\/v2\/comments?post=96411"}],"version-history":[{"count":0,"href":"https:\/\/www.europesays.com\/nl\/wp-json\/wp\/v2\/posts\/96411\/revisions"}],"wp:featuredmedia":[{"embeddable":true,"href":"https:\/\/www.europesays.com\/nl\/wp-json\/wp\/v2\/media\/96412"}],"wp:attachment":[{"href":"https:\/\/www.europesays.com\/nl\/wp-json\/wp\/v2\/media?parent=96411"}],"wp:term":[{"taxonomy":"category","embeddable":true,"href":"https:\/\/www.europesays.com\/nl\/wp-json\/wp\/v2\/categories?post=96411"},{"taxonomy":"post_tag","embeddable":true,"href":"https:\/\/www.europesays.com\/nl\/wp-json\/wp\/v2\/tags?post=96411"}],"curies":[{"name":"wp","href":"https:\/\/api.w.org\/{rel}","templated":true}]}}