{"id":96487,"date":"2025-12-28T11:19:12","date_gmt":"2025-12-28T11:19:12","guid":{"rendered":"https:\/\/www.europesays.com\/nl\/96487\/"},"modified":"2025-12-28T11:19:12","modified_gmt":"2025-12-28T11:19:12","slug":"noodweertreft-malaga-rivieren-buiten-oevers-vluchten-omgeleid","status":"publish","type":"post","link":"https:\/\/www.europesays.com\/nl\/96487\/","title":{"rendered":"Noodweertreft M\u00e1laga: rivieren buiten oevers, vluchten omgeleid"},"content":{"rendered":"<p>\t\t\t1<\/p>\n<p data-pm-slice=\"1 1 []\">Hevige regenval, stormachtige wind en een reeks alarmerende meldingen via mobiele telefoons hebben de provincie M\u00e1laga en de Costa del Sol opgeschrikt. Zaterdagavond ging de rode waarschuwing in voor de Costa del Sol en het dal van de Guadalhorce, met lokaal tot 120 liter regen per vierkante meter. Straten liepen onder, rivieren stegen gevaarlijk snel en vluchten moesten worden omgeleid.<\/p>\n<p data-pm-slice=\"1 1 []\">Inwoners van 27 gemeenten ontvingen een ES-Alert op hun telefoon, terwijl hulpdiensten uitrukten voor honderden meldingen. De situatie is ernstig, en vooral in gebieden als Marbella, Co\u00edn en C\u00e1rtama zijn de gevolgen al zichtbaar.<\/p>\n<p>Vooral westelijke Costa del Sol en Guadalhorce getroffen<\/p>\n<p>Het noodweer heeft in de nacht van zaterdag op zondag al op verschillende plaatsen in de provincie geleid tot overlast. Met name het westelijke kustgebied, de Sierra de las Nieves en dorpen in het Guadalhorcedal, zoals Co\u00edn en Alhaur\u00edn el Grande, kregen te maken met zware neerslag.<\/p>\n<p><img decoding=\"async\" data-spai-excluded=\"true\" class=\"epyt-facade-poster skip-lazy\" loading=\"lazy\" alt=\"YouTube player\" src=\"https:\/\/www.europesays.com\/nl\/wp-content\/uploads\/2025\/12\/1766920752_868_maxresdefault.jpg\"\/><\/p>\n<p>Op sommige meetpunten, zoals in C\u00e1rtama (Fahala) en Casarabonela, werd meer dan 100 liter regenwater per m\u00b2 geregistreerd. In Tolox viel 91 liter, Marbella noteerde bijna 80 liter en in Ardales en Co\u00edn lag dat rond de 70 liter.<\/p>\n<blockquote class=\"twitter-tweet\">\n<p dir=\"ltr\" lang=\"es\">\ud83c\uddea\ud83c\uddf8\u26c8\ufe0f Marbella y C\u00e1rtama, M\u00e1laga, sufren graves inundaciones tras una intensa tromba de agua.<\/p>\n<p>Calles anegadas, rescates de emergencia y videos muestran autos siendo arrastrados por la corriente. Autoridades piden evitar desplazamientos y zonas inundables. Precauci\u00f3n. Hoy <a href=\"https:\/\/t.co\/eZXvE0hYQk\" rel=\"nofollow\">https:\/\/t.co\/eZXvE0hYQk<\/a> <a href=\"https:\/\/t.co\/XyXYoezywd\" rel=\"nofollow\">pic.twitter.com\/XyXYoezywd<\/a><\/p>\n<p>\u2014 Global Network News \ud83c\udf0e (@iluminnatii) <a href=\"https:\/\/twitter.com\/iluminnatii\/status\/2005060182595043380?ref_src=twsrc%5Etfw\" rel=\"nofollow noopener\" target=\"_blank\">December 27, 2025<\/a><\/p>\n<\/blockquote>\n<p>Stijgende waterstanden van de Guadalhorce-rivier<\/p>\n<p>Naast de hevige regenval zorgen de neerslagpieken ook voor snel stijgende waterstanden in de rivieren. Vooral de Guadalhorce ter hoogte van C\u00e1rtama baart zorgen. Daar kwam de rivier rond middernacht dicht bij zijn historische maximum. Volgens meetgegevens van de regionale meetdienst Hidrosur stroomde er op dat moment ruim 1.000 kubieke meter water per seconde door de rivierbedding, met een waterdiepte van bijna 5,5 meter. Dat leidde tot grote problemen rond Estaci\u00f3n de C\u00e1rtama, waar wegen onbegaanbaar raakten en de weg A-7057 tijdelijk werd afgesloten.<\/p>\n<p>De situatie wordt versterkt door de aanvoer vanuit de r\u00edo Grande, die zijn water uit de Sierra de las Nieves afvoert en bij Aljaima in de Guadalhorce uitmondt. Ook daar werden verhoogde waterstanden gemeten. De burgemeester van C\u00e1rtama waarschuwde dat de rivier lokaal buiten haar oevers is getreden. Hulpdiensten zijn in het gebied aanwezig en inwoners van laaggelegen zones zijn opgeroepen extra alert te zijn, verplaatsingen te vermijden en zoveel mogelijk hoger gelegen plekken of verdiepingen op te zoeken.<\/p>\n<blockquote>\n<\/blockquote>\n<p>Overlast en schade in Marbella<\/p>\n<p>Ook Marbella behoort tot de zwaarst getroffen gemeenten. Tot laat in de avond ontving het alarmnummer 112 zeker twintig meldingen over ondergelopen straten, woningen en winkels. De gemeente had eerder op de dag al uit voorzorg speelplaatsen gesloten, gezien de waarschuwingen van de Aemet voor hevige regen \u00e9n harde wind. De brandweer moest bovendien uitrukken voor meerdere omgevallen bomen.<\/p>\n<p>Volgens gegevens van Hidrosur viel er tot 22.00 uur bijna 60 liter per vierkante meter in Marbella. Door de enorme neerslaghoeveelheden raakten delen van de stad slecht bereikbaar. In combinatie met de verwachte neerslag in de nacht, blijft de situatie er zorgelijk.<\/p>\n<p>Overstromingsrisico en gevaar op zee<\/p>\n<p>Door de steile hellingen in de Sierra de las Nieves ontstaat gevaar voor modderstromen en overstromingen. Bovendien zorgen windstoten van 50 tot 60 kilometer per uur en hoge golven tot 3 meter voor gevaarlijke omstandigheden langs de kust. Vooral in de Axarqu\u00eda en rond M\u00e1laga-stad wordt gewaarschuwd voor sterke oostenwind.<\/p>\n<p>De situatie op de wegen blijft voorlopig beheersbaar, aldus de Spaanse verkeersdienst DGT. Wel wordt geadviseerd om alleen te reizen als het echt nodig is en om overstroomde gebieden en laaggelegen delen te vermijden.<\/p>\n<p>Vliegverkeer op M\u00e1laga verstoord door noodweer<br \/>\n<img fetchpriority=\"high\" decoding=\"async\" aria-describedby=\"caption-attachment-110014\" class=\"size-medium wp-image-110014\" src=\"https:\/\/www.europesays.com\/nl\/wp-content\/uploads\/2025\/12\/rij-bij-taxi-225x300.jpeg\" alt=\"rij bij de taxi's op het vliegveld van M\u00e1laga\" width=\"225\" height=\"300\"  \/><\/p>\n<p id=\"caption-attachment-110014\" class=\"wp-caption-text\">\u00a9inspanje.nl<\/p>\n<p>Het slechte weer liet zich zaterdag ook gelden in het luchtverkeer. Door hevige regenval en harde wind konden 24 vliegtuigen met bestemming M\u00e1laga niet landen zoals gepland. De toestellen, afkomstig uit onder meer Bristol, Milaan, Eindhoven en Arlanda, werden omgeleid naar luchthavens in Sevilla, Granada en Almer\u00eda. Enkele vluchten weken zelfs uit naar Madrid en Alicante. Vooral Europese vluchten werden hierdoor getroffen, wat bij aankomende reizigers en families op het vliegveld voor verwarring en vertraging zorgde. Ook was de behoefte aan taxi\u2019s in de nacht zo groot dat alle taxi\u2019s in de omgeving ter versterking werden opgeroepen om laat aangekomen passagiers naar hun bestemming te brengen. De verwachting is dat, zolang de weersomstandigheden onstabiel blijven, er ook de komende dagen hinder kan zijn op de luchthaven van M\u00e1laga.<\/p>\n<p>Effect op verkeer<\/p>\n<p>De impact van het noodweer blijft niet beperkt tot overlast en schade. Er viel lokaal zoveel regen in korte tijd dat in sommige gebieden meer dan 270 liter per vierkante meter werd gemeten. Vooral in het stroomgebied van de r\u00edo Fahala bij C\u00e1rtama liep de teller fors op, gevolgd door Casarabonela (100,9 l\/m\u00b2) en Aljaima (95,5 l\/m\u00b2).<\/p>\n<p>Een stevige hagelbui in Benahav\u00eds zorgde zaterdagavond voor verkeersproblemen op de A-397De sneeuwval in Benahav\u00eds, die zaterdagavond tijdelijk voor verkeersproblemen zorgde op de A-397 tussen Ronda en San Pedro Alc\u00e1ntara, is een opmerkelijk neveneffect van het onstuimige weer. Tussen kilometer 13 en 20 ontstond een tijdelijk wit landschap, waardoor de weg korte tijd werd afgesloten.<\/p>\n<p>Effect op waterreserves<\/p>\n<p>Hoewel het weer roet in het eten gooit voor winkelplannen en buitenactiviteiten in deze feestdagenperiode, levert de regen ook positieve effecten op. De zeven <a href=\"https:\/\/inspanje.nl\/waterreserves-andalusie-november-2025\/\" target=\"_blank\" rel=\"noopener nofollow\">stuwmeren in de provincie M\u00e1laga<\/a> zagen hun waterreserves deze week toenemen met maar liefst 15 hectometer,\u00a0goed voor het jaarlijkse verbruik van een stad met 225.000 inwoners. Daarmee staat de totale watervoorraad inmiddels op 292 hm\u00b3, bijna de helft van de maximale capaciteit. Vooral het Guadalteba-reservoir (82 hm\u00b3) en La Vi\u00f1uela (74 hm\u00b3) profiteren van de aanvoer.<\/p>\n<p>ES-Alert waarschuwt bevolking<\/p>\n<p>In de avonduren van zaterdag klonk op veel mobiele telefoons in de provincie M\u00e1laga een luid alarmsignaal. Het betrof een waarschuwing via het ES-Alert-systeem van de overheid, dat ingezet wordt bij ernstige risico\u2019s voor de bevolking. Het was de derde keer dat dit systeem in M\u00e1laga werd geactiveerd. De melding, verstuurd rond 21.16 uur, bereikte inwoners van maar liefst 27 gemeenten. D, waaronder M\u00e1laga-stad, Marbella, Benalm\u00e1dena, Torremolinos, Fuengirola, C\u00e1rtama en Co\u00edn. In het bericht werd gewaarschuwd voor het rode weeralert en geadviseerd om geen onnodige verplaatsingen te maken, overstroomde zones te vermijden en \u2013 indien nodig \u2013 naar hogere verdiepingen uit te wijken. De directe en indringende melding benadrukte de ernst van de situatie.<\/p>\n<p>Wat kun je zelf doen?<\/p>\n<p>Het noodnummer 112 roept op tot maximale voorzichtigheid:<\/p>\n<ul data-spread=\"false\">\n<li>Vermijd onnodige verplaatsingen.<\/li>\n<li>Blijf weg van overstroomde straten, rivieren en ondergelopen viaducten.<\/li>\n<li>Pas snelheid en afstand aan als je toch de weg op moet.<\/li>\n<li>Ga nooit te voet of met de auto een ondergelopen weg op.<\/li>\n<\/ul>\n<p>Ook in kustgebieden wordt afgeraden om op pieren, wandelpromenades of klifuitkijkpunten te lopen. De combinatie van hoge golven en harde wind maakt het risico op ongelukken daar extra groot.<\/p>\n<p>Bronnen: <a href=\"https:\/\/www.diariosur.es\/malaga\/crecidas-guadalhorce-cartama-rio-lluvia-20251228005941-nt.html\" target=\"_blank\" rel=\"noopener nofollow\">SUR<\/a>, <a href=\"https:\/\/www.malagahoy.es\/malaga\/112-pide-precaucion-aviso-naranja-lluvias-malaga_0_2005517736.html\" target=\"_blank\" rel=\"noopener nofollow\">M\u00e1laga Hoy<\/a>, <a href=\"https:\/\/www.laopiniondemalaga.es\/malaga\/2025\/12\/27\/alerta-naranja-malaga-sabado-lluvia-125174810.html\" target=\"_blank\" rel=\"noopener nofollow\">La Opini\u00f3n de M\u00e1laga<\/a><\/p>\n<blockquote>\n<\/blockquote>\n<p>\t\t\t        <script async src=\"https:\/\/platform.twitter.com\/widgets.js\" charset=\"utf-8\"><\/script><\/p>\n","protected":false},"excerpt":{"rendered":"1 Hevige regenval, stormachtige wind en een reeks alarmerende meldingen via mobiele telefoons hebben de provincie M\u00e1laga en&hellip;\n","protected":false},"author":2,"featured_media":96488,"comment_status":"","ping_status":"","sticky":false,"template":"","format":"standard","meta":{"footnotes":""},"categories":[15],"tags":[163,39,40,21252,21253,48,19176,43,44,21254,34,35,41,42,46,47,49,45,32,33,50,3050,36,37,38,67,64,65,66],"class_list":{"0":"post-96487","1":"post","2":"type-post","3":"status-publish","4":"format-standard","5":"has-post-thumbnail","7":"category-wereld","8":"tag-163","9":"tag-breaking-news","10":"tag-breakingnews","11":"tag-cartama","12":"tag-coin","13":"tag-dutch","14":"tag-es-alert","15":"tag-featured-news","16":"tag-featurednews","17":"tag-guadalhorce","18":"tag-headlines","19":"tag-hoofdpunten","20":"tag-latest-news","21":"tag-latestnews","22":"tag-nederland","23":"tag-nederlanden","24":"tag-nederlands","25":"tag-netherlands","26":"tag-news","27":"tag-nieuws","28":"tag-nl","29":"tag-noodweer","30":"tag-top-stories","31":"tag-topstories","32":"tag-voorpaginanieuws","33":"tag-wereld","34":"tag-world","35":"tag-world-news","36":"tag-worldnews"},"share_on_mastodon":{"url":"https:\/\/pubeurope.com\/@nl\/115796927853848511","error":""},"_links":{"self":[{"href":"https:\/\/www.europesays.com\/nl\/wp-json\/wp\/v2\/posts\/96487","targetHints":{"allow":["GET"]}}],"collection":[{"href":"https:\/\/www.europesays.com\/nl\/wp-json\/wp\/v2\/posts"}],"about":[{"href":"https:\/\/www.europesays.com\/nl\/wp-json\/wp\/v2\/types\/post"}],"author":[{"embeddable":true,"href":"https:\/\/www.europesays.com\/nl\/wp-json\/wp\/v2\/users\/2"}],"replies":[{"embeddable":true,"href":"https:\/\/www.europesays.com\/nl\/wp-json\/wp\/v2\/comments?post=96487"}],"version-history":[{"count":0,"href":"https:\/\/www.europesays.com\/nl\/wp-json\/wp\/v2\/posts\/96487\/revisions"}],"wp:featuredmedia":[{"embeddable":true,"href":"https:\/\/www.europesays.com\/nl\/wp-json\/wp\/v2\/media\/96488"}],"wp:attachment":[{"href":"https:\/\/www.europesays.com\/nl\/wp-json\/wp\/v2\/media?parent=96487"}],"wp:term":[{"taxonomy":"category","embeddable":true,"href":"https:\/\/www.europesays.com\/nl\/wp-json\/wp\/v2\/categories?post=96487"},{"taxonomy":"post_tag","embeddable":true,"href":"https:\/\/www.europesays.com\/nl\/wp-json\/wp\/v2\/tags?post=96487"}],"curies":[{"name":"wp","href":"https:\/\/api.w.org\/{rel}","templated":true}]}}