{"id":96725,"date":"2025-12-29T09:21:18","date_gmt":"2025-12-29T09:21:18","guid":{"rendered":"https:\/\/www.europesays.com\/nl\/96725\/"},"modified":"2025-12-29T09:21:18","modified_gmt":"2025-12-29T09:21:18","slug":"the-count-of-monte-cristo-s01e01-02-de-fransen-deden-het-recentelijk-beter-varagids","status":"publish","type":"post","link":"https:\/\/www.europesays.com\/nl\/96725\/","title":{"rendered":"The Count of Monte Cristo S01E01-02: de Fransen deden het recentelijk beter &#8211; VARAgids"},"content":{"rendered":"<p>27-12-2025<\/p>\n<p>leestijd 2 minuten<\/p>\n<p>4220 keer bekeken<\/p>\n<p>Bewaren<\/p>\n<p><a role=\"link\" tabindex=\"0\" aria-label=\"Profiel van Omar Larabi\" class=\"\" href=\"https:\/\/www.bnnvara.nl\/varagids\/personen\/L\/omar-larabi\" rel=\"nofollow noopener\" target=\"_blank\"><img decoding=\"async\" src=\"https:\/\/www.europesays.com\/nl\/wp-content\/uploads\/2025\/09\/1758539110_86_0a4c0adc-bc00-4946-bc08-1249838e29e1.jpg\" alt=\"Logo VARAgids website dd010320\" title=\"Avatar van Omar Larabi\" aria-label=\"Avatar van Omar Larabi\" class=\"sc-79650bab-0 bXzzmG\"\/><\/a><img decoding=\"async\" src=\"https:\/\/www.europesays.com\/nl\/wp-content\/uploads\/2025\/12\/thecountofmontecristo.jpg\" loading=\"lazy\" alt=\"The Count Of Monte Cristo\"  class=\"sc-31a2e9c5-0 kiynKR\"\/><\/p>\n<p color=\"#666666\" class=\"sc-8bac6c2c-0 dXeIEf\">\u00a9 BBC Studios<\/p>\n<p>Sam Claflin zet een eendimensionale held neer in fletse verfilming van literaire klassieker.<\/p>\n<p>In 2024 verschenen twee verfilmingen van The Count of Monte Cristo (Le Comte de Monte-Cristo), de literaire klassieker van Alexandre Dumas uit 1844. Een Engelstalige Europese coproductie waarin het verhaal is uitgesmeerd over acht afleveringen, met Sam Claflin in de hoofdrol als de wraakzuchtige Edmond Dant\u00e8s. En een Franse bioscoopfilm met een looptijd van drie uur waarin Pierre Niney de hoofdpersoon vertolkt. Beide projecten zijn ambitieus, maar er zijn ook grote verschillen te zien.<\/p>\n<p>De twee titels volgen het boek op tamelijk trouwe wijze. Met Dant\u00e8s de zeevaarder die in 1815 na een storm wordt beschuldigd een spion te zijn van Napoleon en wordt verbannen naar \u00cele d\u2019If, een gevangeniseiland voor de kust van Marseille. De boosdoeners achter dit complot zijn mannen die jaloers op Dant\u00e8s zijn. Baron Danglars (in de Engelse serie gespeeld door Blake Ritson) ziet met lede ogen aan hoe niet hij maar Dant\u00e8s een promotie krijgt; officier van justitie G\u00e9rard de Villefort (Mikkel Boe F\u00f8lsgaard) moet Dant\u00e8s in de gevangenis krijgen om zijn carri\u00e8re te beschermen; Fernando Mondego (Harry Taurasi) heeft een oogje op Dant\u00e8s\u2019 lover Merc\u00e9d\u00e8s (Ana Girardot).<\/p>\n<p><img decoding=\"async\" src=\"https:\/\/www.europesays.com\/nl\/wp-content\/uploads\/2025\/12\/ep1-ilcontedimontecristo-60-foto-di-paolo-modugno.jpg\" loading=\"lazy\" alt=\"The Count of Monte Cristo\"  class=\"sc-31a2e9c5-0 kiynKR\"\/><\/p>\n<p color=\"#666666\" class=\"sc-8bac6c2c-0 dXeIEf\">\u00a9 Paolo Modugno<\/p>\n<p>Uiteindelijk doet Dant\u00e8s er vijftien jaar over om, ook dankzij tips van een mysterieuze wijsgeer (Jeremy Irons), te ontsnappen van het eiland. Hij neemt vervolgens uitgebreid de tijd om wraak te nemen op zijn kwelgeesten. In de Franse bioscoopfilm wijkt de camera nauwelijks af van het perspectief van de hoofdpersoon, waardoor je een beter inzicht krijgt in zijn gevoelens van onmacht en wraak. De televisieserie weidt ook uit naar andere personages, en laat het gekonkel achter de schermen uitgebreider zien \u2013 de reeks laat in die zin minder over aan de verbeelding van de kijker.<\/p>\n<p><img decoding=\"async\" src=\"https:\/\/www.europesays.com\/nl\/wp-content\/uploads\/2025\/12\/ep1-ilcontedimontecristo-2-foto-di-paolo-modugno.jpg\" loading=\"lazy\" alt=\"The Count of Monte Cristo\"  class=\"sc-31a2e9c5-0 kiynKR\"\/><\/p>\n<p color=\"#666666\" class=\"sc-8bac6c2c-0 dXeIEf\">\u00a9 Paolo Modugno<\/p>\n<p>En terwijl de bioscoopfilm ook in het teken staat van kunststromingen van toen, die gespiegeld worden in de schilderachtige mise-en-sc\u00e8ne, oogt de serie tamelijk flets; als een generiek kostuumdrama. Sam Claflin zet bovenal een eendimensionale held neer, die met zijn gesoigneerde voorkomen oogt als een vreemde eend in de bijt in deze negentiende-eeuwse setting. In tegenstelling tot Niney, die zich net als zijn personage, ontpopt als een soort kameleon.<\/p>\n<p><img decoding=\"async\" src=\"https:\/\/www.europesays.com\/nl\/wp-content\/uploads\/2025\/12\/ep1-ilcontedimontecristo-69-foto-di-paolo-modugno.jpg\" loading=\"lazy\" alt=\"The Count of Monte Cristo\"  class=\"sc-31a2e9c5-0 kiynKR\"\/><\/p>\n<p color=\"#666666\" class=\"sc-8bac6c2c-0 dXeIEf\">\u00a9 Paolo Modugno<\/p>\n<p>De Franse bioscoopfilm is kortom superieur aan de Engelstalige serie. En qua tijdsinvestering van de kijker scheelt het ook nog eens zo\u2019n drie \u00e0 vier uur.<\/p>\n<p>The Count of Monte Cristo, vanaf zondag 28 december 2025 bij BBC NL<\/p>\n","protected":false},"excerpt":{"rendered":"27-12-2025 leestijd 2 minuten 4220 keer bekeken Bewaren \u00a9 BBC Studios Sam Claflin zet een eendimensionale held neer&hellip;\n","protected":false},"author":2,"featured_media":96726,"comment_status":"","ping_status":"","sticky":false,"template":"","format":"standard","meta":{"footnotes":""},"categories":[28],"tags":[99,48,98,46,47,49,45,50,124],"class_list":{"0":"post-96725","1":"post","2":"type-post","3":"status-publish","4":"format-standard","5":"has-post-thumbnail","7":"category-tv","8":"tag-amusement","9":"tag-dutch","10":"tag-entertainment","11":"tag-nederland","12":"tag-nederlanden","13":"tag-nederlands","14":"tag-netherlands","15":"tag-nl","16":"tag-tv"},"share_on_mastodon":{"url":"https:\/\/pubeurope.com\/@nl\/115802124036596998","error":""},"_links":{"self":[{"href":"https:\/\/www.europesays.com\/nl\/wp-json\/wp\/v2\/posts\/96725","targetHints":{"allow":["GET"]}}],"collection":[{"href":"https:\/\/www.europesays.com\/nl\/wp-json\/wp\/v2\/posts"}],"about":[{"href":"https:\/\/www.europesays.com\/nl\/wp-json\/wp\/v2\/types\/post"}],"author":[{"embeddable":true,"href":"https:\/\/www.europesays.com\/nl\/wp-json\/wp\/v2\/users\/2"}],"replies":[{"embeddable":true,"href":"https:\/\/www.europesays.com\/nl\/wp-json\/wp\/v2\/comments?post=96725"}],"version-history":[{"count":0,"href":"https:\/\/www.europesays.com\/nl\/wp-json\/wp\/v2\/posts\/96725\/revisions"}],"wp:featuredmedia":[{"embeddable":true,"href":"https:\/\/www.europesays.com\/nl\/wp-json\/wp\/v2\/media\/96726"}],"wp:attachment":[{"href":"https:\/\/www.europesays.com\/nl\/wp-json\/wp\/v2\/media?parent=96725"}],"wp:term":[{"taxonomy":"category","embeddable":true,"href":"https:\/\/www.europesays.com\/nl\/wp-json\/wp\/v2\/categories?post=96725"},{"taxonomy":"post_tag","embeddable":true,"href":"https:\/\/www.europesays.com\/nl\/wp-json\/wp\/v2\/tags?post=96725"}],"curies":[{"name":"wp","href":"https:\/\/api.w.org\/{rel}","templated":true}]}}