{"id":96794,"date":"2025-12-29T10:20:08","date_gmt":"2025-12-29T10:20:08","guid":{"rendered":"https:\/\/www.europesays.com\/nl\/96794\/"},"modified":"2025-12-29T10:20:08","modified_gmt":"2025-12-29T10:20:08","slug":"heeft-andre-hazes-jr-echt-buikloop-of-baalt-hij-gewoon-van-kritiek","status":"publish","type":"post","link":"https:\/\/www.europesays.com\/nl\/96794\/","title":{"rendered":"Heeft Andr\u00e9 Hazes jr. \u00e9cht buikloop of baalt hij gewoon van kritiek?"},"content":{"rendered":"<p>Andr\u00e9 Hazes jr. zit vlak na de massale kritiek op de tv-registratie van zijn theatertournee opeens met buikloop thuis. Hij heeft een concert gecanceld, maar is dat \u00e9cht omdat hij buikloop heeft?<\/p>\n<p>        Door onze entertainmentredactie<\/p>\n<p>        <img fetchpriority=\"high\" decoding=\"async\" width=\"1280\" height=\"720\" src=\"https:\/\/www.europesays.com\/nl\/wp-content\/uploads\/2025\/12\/1229-Andre-Hazes-jr.jpg\" class=\"attachment-post-thumbnail size-post-thumbnail wp-post-image\" alt=\"Andr\u00e9 Hazes jr.\"  \/>        \u00a9 SBS    <\/p>\n<p>Het jaar eindigt niet lekker voor Andr\u00e9 Hazes jr. Hij heeft net een persoonlijke theatertournee achter de rug waarin hij zijn zielenroerselen mixt met eigen liedjes \u00e9n liedjes van zijn vader, en vorige week was de tv-registratie daarvan te zien. Er keek geen hond naar, maar de fragmentjes zijn wel viral gegaan. En niet bepaald om een positieve reden.<\/p>\n<p>Tinky Winky<\/p>\n<p>Andr\u00e9 klonk echt verschr\u00edkkelijk slecht. Met name tijdens de liedjes van zijn vader zette hij een heel raar, geknepen stemmetje op. Alsof je Tinky Winky in zijn antenne knijpt. Echt heel vreemd, maar kennelijk denkt Andr\u00e9 dat als hij heel moeilijk kijkt en heel gepijnigd zingt, dat het dan allemaal n\u00f3g geloofwaardiger overkomt. <\/p>\n<p>Zelf verschuilt hij zich erachter dat hij die dag ontzettend ziek was, maar dan laat je natuurlijk geen cameraploeg van de AvroTros langskomen om alles vast te leggen. Dan ben je wel heel masochistisch. Oftewel: Andr\u00e9 heeft zichzelf een beetje overschat en nu ervaart hij de negatieve consequenties.<\/p>\n<p>Wc-bril<\/p>\n<p>Heel vervelend voor onze geplaagde volkszanger, zeker omdat Rachel Hazes dit weer als een kans zag om haar eigen kind te bashen, maar het is wat het is. Plotseling is Andr\u00e9 nu opeens ziek: hij heeft een optreden afgezegd omdat hij buikloop heeft. Ook BN\u2019ers hebben wel eens diarree, maar dit is volgens Guido den Aantrekker wel \u00e9rg toevallig.<\/p>\n<p>Story-baas Guido vraagt zich in <a href=\"https:\/\/www.kijk.nl\/programmas\/shownieuws\" rel=\"nofollow noopener\" target=\"_blank\">Shownieuws<\/a> hardop af of Andr\u00e9 wel \u00e9cht vastgeplakt zit aan de wc-bril of dat hij gewoon ziek is van al het commentaar dat hij heeft gekregen. \u201cVolgens hemzelf wegens buikloop \u2014 in de artiestenwereld heet dat gewoon de schijterij \u2014 en hij geeft aan dat hij dacht de dans te ontspringen.\u201d<\/p>\n<p>Ontspringen<\/p>\n<p>Hoezo ontspringen? Andr\u00e9 legt uit op zijn Instagram: \u201cDe afgelopen week kreeg zowat iedereen om me heen last van wat ik netjes buikloop\u2019 noem. Ik was er heilig van overtuigd dat het mij bespaard zou blijven en ik de dans zou ontspringen. Tot vannacht. De wc is mijn beste vriend op dit moment.\u201d<\/p>\n<p>Waarom hij dit de wereld in slingert? Hij heeft een optreden in een restaurant moeten afzeggen. \u201cIk moet helaas met een lege buik en een schrale kont m\u2019n optreden bij Encore afzeggen.\u201d<\/p>\n<p>Echte reden<\/p>\n<p>Guido vraagt zich af wat de \u00e9chte reden is. \u201cEr gingen natuurlijk toch alweer stemmen op van: zou het iets te maken hebben met het feit dat hij echt afgeslacht is op social media over die op het oor ontzettend slechte concertregistratie die op tweede kerstdag is uitgezonden?\u201d<\/p>\n<p>Hij besluit: \u201cDaar heeft hij zich niet over uitgelaten, maar het is natuurlijk wel een bijzonder moment. (\u2026) We wensen hem heel veel sterkte daar op die wc in Wildernis.\u201d<\/p>\n","protected":false},"excerpt":{"rendered":"Andr\u00e9 Hazes jr. zit vlak na de massale kritiek op de tv-registratie van zijn theatertournee opeens met buikloop&hellip;\n","protected":false},"author":2,"featured_media":96795,"comment_status":"","ping_status":"","sticky":false,"template":"","format":"standard","meta":{"footnotes":""},"categories":[25],"tags":[99,2497,48,98,11390,46,47,49,45,50],"class_list":{"0":"post-96794","1":"post","2":"type-post","3":"status-publish","4":"format-standard","5":"has-post-thumbnail","7":"category-amusement","8":"tag-amusement","9":"tag-andre-hazes-jr","10":"tag-dutch","11":"tag-entertainment","12":"tag-guido-den-aantrekker","13":"tag-nederland","14":"tag-nederlanden","15":"tag-nederlands","16":"tag-netherlands","17":"tag-nl"},"share_on_mastodon":{"url":"https:\/\/pubeurope.com\/@nl\/115802356006629194","error":""},"_links":{"self":[{"href":"https:\/\/www.europesays.com\/nl\/wp-json\/wp\/v2\/posts\/96794","targetHints":{"allow":["GET"]}}],"collection":[{"href":"https:\/\/www.europesays.com\/nl\/wp-json\/wp\/v2\/posts"}],"about":[{"href":"https:\/\/www.europesays.com\/nl\/wp-json\/wp\/v2\/types\/post"}],"author":[{"embeddable":true,"href":"https:\/\/www.europesays.com\/nl\/wp-json\/wp\/v2\/users\/2"}],"replies":[{"embeddable":true,"href":"https:\/\/www.europesays.com\/nl\/wp-json\/wp\/v2\/comments?post=96794"}],"version-history":[{"count":0,"href":"https:\/\/www.europesays.com\/nl\/wp-json\/wp\/v2\/posts\/96794\/revisions"}],"wp:featuredmedia":[{"embeddable":true,"href":"https:\/\/www.europesays.com\/nl\/wp-json\/wp\/v2\/media\/96795"}],"wp:attachment":[{"href":"https:\/\/www.europesays.com\/nl\/wp-json\/wp\/v2\/media?parent=96794"}],"wp:term":[{"taxonomy":"category","embeddable":true,"href":"https:\/\/www.europesays.com\/nl\/wp-json\/wp\/v2\/categories?post=96794"},{"taxonomy":"post_tag","embeddable":true,"href":"https:\/\/www.europesays.com\/nl\/wp-json\/wp\/v2\/tags?post=96794"}],"curies":[{"name":"wp","href":"https:\/\/api.w.org\/{rel}","templated":true}]}}