{"id":96919,"date":"2025-12-29T12:03:13","date_gmt":"2025-12-29T12:03:13","guid":{"rendered":"https:\/\/www.europesays.com\/nl\/96919\/"},"modified":"2025-12-29T12:03:13","modified_gmt":"2025-12-29T12:03:13","slug":"17-wintersporters-urenlang-vast-in-stoeltjeslift-op-hintertuxer-gletscher","status":"publish","type":"post","link":"https:\/\/www.europesays.com\/nl\/96919\/","title":{"rendered":"17 wintersporters urenlang vast in stoeltjeslift op Hintertuxer Gletscher"},"content":{"rendered":"<p>Op de Hintertuxer Gletscher zijn zondagmiddag 17 personen door de bergredding uit een stoeltjeslift gehaald, nadat de lift door een technisch defect stilviel. De reddingsactie duurde bijna twee\u00ebnhalf uur, maar gelukkig raakte niemand gewond.<\/p>\n<p>Technisch defect legt lift stil<\/p>\n<p>Rond 15.35 uur gistermiddag werd de stoeltjeslift Schlegeis abrupt stilgezet na een probleem met de aandrijfschijf. Op dat moment bevonden zich 17 wintersporters in de lift. Ze zaten verspreid over de volledige liftlijn, hoog boven de piste.<\/p>\n<p>Abseilen door de harde wind<\/p>\n<p>Door sterke wind was een redding per helikopter niet mogelijk. Daarom besloot de Bergrettung Tux samen met medewerkers van de gletsjerliften om alle inzittenden \u00e9\u00e9n voor \u00e9\u00e9n van de stoeltjes af te laten zakken. Hiervoor werden meerdere reddingsteams ingezet, die met pistenbully\u2019s en sneeuwscooters naar de verschillende locaties werden gebracht. Ook de politie en de reddingshelikopters Alpin 5 en Libelle Tirol stonden paraat, maar konden vanwege de weersomstandigheden niet direct ingrijpen.<\/p>\n<p>Niemand gewond<\/p>\n<p>Rond 18.00 uur was de laatste persoon veilig beneden. Alle betrokkenen kwamen met de schrik vrij en hoefden niet medisch behandeld te worden.<\/p>\n<p>Lees meer: <a href=\"https:\/\/skiinformatie.nl\/nederlandse-skier-19-zwaargewond-na-afdaling-over-gesloten-piste-in-tirol\/\" rel=\"nofollow noopener\" target=\"_blank\">Nederlandse ski\u00ebr (19) zwaargewond na afdaling over gesloten piste in Tirol<\/a><\/p>\n","protected":false},"excerpt":{"rendered":"Op de Hintertuxer Gletscher zijn zondagmiddag 17 personen door de bergredding uit een stoeltjeslift gehaald, nadat de lift&hellip;\n","protected":false},"author":2,"featured_media":50653,"comment_status":"","ping_status":"","sticky":false,"template":"","format":"standard","meta":{"footnotes":""},"categories":[15],"tags":[39,40,48,43,44,34,35,41,42,46,47,49,45,32,33,50,36,37,38,67,64,65,66],"class_list":{"0":"post-96919","1":"post","2":"type-post","3":"status-publish","4":"format-standard","5":"has-post-thumbnail","7":"category-wereld","8":"tag-breaking-news","9":"tag-breakingnews","10":"tag-dutch","11":"tag-featured-news","12":"tag-featurednews","13":"tag-headlines","14":"tag-hoofdpunten","15":"tag-latest-news","16":"tag-latestnews","17":"tag-nederland","18":"tag-nederlanden","19":"tag-nederlands","20":"tag-netherlands","21":"tag-news","22":"tag-nieuws","23":"tag-nl","24":"tag-top-stories","25":"tag-topstories","26":"tag-voorpaginanieuws","27":"tag-wereld","28":"tag-world","29":"tag-world-news","30":"tag-worldnews"},"share_on_mastodon":{"url":"https:\/\/pubeurope.com\/@nl\/115802761026237883","error":""},"_links":{"self":[{"href":"https:\/\/www.europesays.com\/nl\/wp-json\/wp\/v2\/posts\/96919","targetHints":{"allow":["GET"]}}],"collection":[{"href":"https:\/\/www.europesays.com\/nl\/wp-json\/wp\/v2\/posts"}],"about":[{"href":"https:\/\/www.europesays.com\/nl\/wp-json\/wp\/v2\/types\/post"}],"author":[{"embeddable":true,"href":"https:\/\/www.europesays.com\/nl\/wp-json\/wp\/v2\/users\/2"}],"replies":[{"embeddable":true,"href":"https:\/\/www.europesays.com\/nl\/wp-json\/wp\/v2\/comments?post=96919"}],"version-history":[{"count":0,"href":"https:\/\/www.europesays.com\/nl\/wp-json\/wp\/v2\/posts\/96919\/revisions"}],"wp:featuredmedia":[{"embeddable":true,"href":"https:\/\/www.europesays.com\/nl\/wp-json\/wp\/v2\/media\/50653"}],"wp:attachment":[{"href":"https:\/\/www.europesays.com\/nl\/wp-json\/wp\/v2\/media?parent=96919"}],"wp:term":[{"taxonomy":"category","embeddable":true,"href":"https:\/\/www.europesays.com\/nl\/wp-json\/wp\/v2\/categories?post=96919"},{"taxonomy":"post_tag","embeddable":true,"href":"https:\/\/www.europesays.com\/nl\/wp-json\/wp\/v2\/tags?post=96919"}],"curies":[{"name":"wp","href":"https:\/\/api.w.org\/{rel}","templated":true}]}}