{"id":97424,"date":"2025-12-29T20:59:07","date_gmt":"2025-12-29T20:59:07","guid":{"rendered":"https:\/\/www.europesays.com\/nl\/97424\/"},"modified":"2025-12-29T20:59:07","modified_gmt":"2025-12-29T20:59:07","slug":"voetbalster-shanice-van-de-sanden-deelt-heuglijk-liefdesnieuws","status":"publish","type":"post","link":"https:\/\/www.europesays.com\/nl\/97424\/","title":{"rendered":"Voetbalster Shanice van de Sanden deelt heuglijk liefdesnieuws"},"content":{"rendered":"<p class=\"mui-173mato e10ntc2u0\">Shanice van de Sanden is verloofd met haar vriendin Tatjana Jempormiasse. Het heuglijke nieuws deelt ze op Instagram via een reeks romantische foto&#8217;s, waarop het paar samen liefdevol poseert.<\/p>\n<p class=\"mui-173mato e10ntc2u0\">Op de beelden is te zien hoe Shanice haar partner ten huwelijk vroeg. &#8220;Engaged to my forever&#8221;, luidt het bijschrift. Het stel krijgt veel felicitaties van (oud-)collega-voetballers zoals Daphne van Domselaar, Caitlin Dijkstra en Lieke Martens.<\/p>\n<p class=\"mui-173mato e10ntc2u0\">Lees verder onder de post&#8230;<\/p>\n<p>Dochter Hal\u00f3 Blu<\/p>\n<p class=\"mui-173mato e10ntc2u0\">Shanice is sinds 2020 samen met Tatjana. Het stel kreeg in 2023 een <a rel=\"noopener noreferrer nofollow\" target=\"_blank\" class=\"mui-1i4zqbr e1bmvyuj0\" href=\"https:\/\/www.shownieuws.nl\/entertainment\/nieuws\/artikelen\/shanice-van-de-sanden-deelt-emotioneel-bericht\">dochtertje<\/a>, Hal\u00f3 Blu. &#8220;E\u00e9n van de mooiste dagen uit mijn leven, waar ik de liefde van mijn leven \u00e9\u00e9n zag worden met haar lichaam, waar ik rust zag zonder angst, waar ik kracht zag zonder zwakte, waar ik zoveel liefde voelde dat bleef groeien&#8221;, schreef Shanice destijds over de bevalling van Tatjana.<\/p>\n<p class=\"mui-173mato e10ntc2u0\">De voetbalster ging verder: &#8220;Het is een dag waar je samen naartoe leeft maar niet wetende wat, waar en wanneer precies? Ik kan geen andere woorden vinden dan liefde, respect en bewondering die ik heb voor jou. Terwijl je van ons meisje aan het bevallen was, nam je tegelijkertijd al mijn angsten weg&#8230; (iets wat ik bij jou hoorde te doen, dacht ik).&#8221;<\/p>\n<p class=\"mui-173mato e10ntc2u0\">&#8220;Jouw kalmte bracht mij rust, waardoor we \u00e9\u00e9n team vormden samen. Ik kan nog steeds niet geloven hoe je op eigen kracht, mijn mooiste geschenk ter wereld bracht. Ik ben dankbaar dat ik door jou andere vrouwen kan vertellen hoe mooi een bevalling kan zijn als je angst kan omzetten in overgave en vertrouwen. Ik houd van je&#8221;, sloot ze mee af. In september maakte het koppel bekend in verwachting te zijn van hun tweede kindje.<\/p>\n","protected":false},"excerpt":{"rendered":"Shanice van de Sanden is verloofd met haar vriendin Tatjana Jempormiasse. Het heuglijke nieuws deelt ze op Instagram&hellip;\n","protected":false},"author":2,"featured_media":97425,"comment_status":"","ping_status":"","sticky":false,"template":"","format":"standard","meta":{"footnotes":""},"categories":[31],"tags":[99,147,48,98,46,47,49,45,50],"class_list":{"0":"post-97424","1":"post","2":"type-post","3":"status-publish","4":"format-standard","5":"has-post-thumbnail","7":"category-celebrities","8":"tag-amusement","9":"tag-celebrities","10":"tag-dutch","11":"tag-entertainment","12":"tag-nederland","13":"tag-nederlanden","14":"tag-nederlands","15":"tag-netherlands","16":"tag-nl"},"share_on_mastodon":{"url":"https:\/\/pubeurope.com\/@nl\/115804868626380198","error":""},"_links":{"self":[{"href":"https:\/\/www.europesays.com\/nl\/wp-json\/wp\/v2\/posts\/97424","targetHints":{"allow":["GET"]}}],"collection":[{"href":"https:\/\/www.europesays.com\/nl\/wp-json\/wp\/v2\/posts"}],"about":[{"href":"https:\/\/www.europesays.com\/nl\/wp-json\/wp\/v2\/types\/post"}],"author":[{"embeddable":true,"href":"https:\/\/www.europesays.com\/nl\/wp-json\/wp\/v2\/users\/2"}],"replies":[{"embeddable":true,"href":"https:\/\/www.europesays.com\/nl\/wp-json\/wp\/v2\/comments?post=97424"}],"version-history":[{"count":0,"href":"https:\/\/www.europesays.com\/nl\/wp-json\/wp\/v2\/posts\/97424\/revisions"}],"wp:featuredmedia":[{"embeddable":true,"href":"https:\/\/www.europesays.com\/nl\/wp-json\/wp\/v2\/media\/97425"}],"wp:attachment":[{"href":"https:\/\/www.europesays.com\/nl\/wp-json\/wp\/v2\/media?parent=97424"}],"wp:term":[{"taxonomy":"category","embeddable":true,"href":"https:\/\/www.europesays.com\/nl\/wp-json\/wp\/v2\/categories?post=97424"},{"taxonomy":"post_tag","embeddable":true,"href":"https:\/\/www.europesays.com\/nl\/wp-json\/wp\/v2\/tags?post=97424"}],"curies":[{"name":"wp","href":"https:\/\/api.w.org\/{rel}","templated":true}]}}