{"id":97761,"date":"2025-12-30T08:31:09","date_gmt":"2025-12-30T08:31:09","guid":{"rendered":"https:\/\/www.europesays.com\/nl\/97761\/"},"modified":"2025-12-30T08:31:09","modified_gmt":"2025-12-30T08:31:09","slug":"helene-hendriks-geeft-zoon-rene-van-der-gijp-kans-in-de-oranjewinter-past-bij-ons-programma","status":"publish","type":"post","link":"https:\/\/www.europesays.com\/nl\/97761\/","title":{"rendered":"H\u00e9l\u00e8ne Hendriks geeft zoon Ren\u00e9 van der Gijp kans in De Oranjewinter: &#8216;Past bij ons programma&#8217;"},"content":{"rendered":"\n<p>&#8220;Ze zijn heel verschillend, en kunnen daarom naast elkaar bestaan op televisie&#8221;<\/p>\n<p>Maandagavond was de aftrap van een nieuw seizoen van De Oranjewinter. Het doel van H\u00e9l\u00e8ne is om een aantal mensen vaker te laten aanschuiven, waarbij ze Nicky van der Gijp als voorbeeld noemt. &#8220;Noa Vahle is op vakantie, dus hij kan mooi het voetbalnieuws bespreken.&#8221;\u00a0<\/p>\n<p>H\u00e9l\u00e8ne benadrukt dat Ren\u00e9 zijn zoon niet naar voren heeft geschoven. &#8220;Ren\u00e9 en ik spreken hier nooit over.&#8221; De presentator kent Nicky uit het vak, omdat hij werkzaam is bij Viaplay en zij bij Ziggo Sport. Volgens H\u00e9l\u00e8ne heeft hij veel talent. &#8220;We waren op zoek naar verjonging en ik vind dat hij waanzinnig goed kan duiden. Hij past bij ons programma.&#8221;\u00a0<\/p>\n<p>Of Nicky de opvolger gaat zijn van zijn vader Ren\u00e9 valt te betwijfelen. &#8220;Ze zijn niet een-op-een met elkaar te vergelijken&#8221;, aldus H\u00e9l\u00e8ne. Dat komt volgens haar ook doordat Ren\u00e9 een stuk ouder is en andere verhalen weet te vertellen door zijn vroegere carri\u00e8re als profvoetballer.\u00a0<\/p>\n<p>H\u00e9l\u00e8ne denkt dat Nicky een goede toevoeging is voor De Oranjewinter, omdat hij zijn eigen twist geeft aan het verslaan van voetbalnieuws. Dat heeft dus niks te maken met Ren\u00e9. &#8220;Ze zijn heel verschillend, en kunnen daarom naast elkaar bestaan op televisie.&#8221;<\/p>\n<p>H\u00e9l\u00e8ne heeft sinds kort haar werkzaamheden weer opgepakt nadat ze in mei werd geopereerd aan een beklemde zenuw in haar rug. In onderstaande video vertelt ze hoe het herstel verloopt.\u00a0<\/p>\n","protected":false},"excerpt":{"rendered":"&#8220;Ze zijn heel verschillend, en kunnen daarom naast elkaar bestaan op televisie&#8221; Maandagavond was de aftrap van een&hellip;\n","protected":false},"author":2,"featured_media":97762,"comment_status":"","ping_status":"","sticky":false,"template":"","format":"standard","meta":{"footnotes":""},"categories":[25],"tags":[99,21357,48,98,581,46,47,49,45,50,128],"class_list":{"0":"post-97761","1":"post","2":"type-post","3":"status-publish","4":"format-standard","5":"has-post-thumbnail","7":"category-amusement","8":"tag-amusement","9":"tag-de-oranjewinter","10":"tag-dutch","11":"tag-entertainment","12":"tag-helene-hendriks","13":"tag-nederland","14":"tag-nederlanden","15":"tag-nederlands","16":"tag-netherlands","17":"tag-nl","18":"tag-rene-van-der-gijp"},"share_on_mastodon":{"url":"https:\/\/pubeurope.com\/@nl\/115807589660325181","error":""},"_links":{"self":[{"href":"https:\/\/www.europesays.com\/nl\/wp-json\/wp\/v2\/posts\/97761","targetHints":{"allow":["GET"]}}],"collection":[{"href":"https:\/\/www.europesays.com\/nl\/wp-json\/wp\/v2\/posts"}],"about":[{"href":"https:\/\/www.europesays.com\/nl\/wp-json\/wp\/v2\/types\/post"}],"author":[{"embeddable":true,"href":"https:\/\/www.europesays.com\/nl\/wp-json\/wp\/v2\/users\/2"}],"replies":[{"embeddable":true,"href":"https:\/\/www.europesays.com\/nl\/wp-json\/wp\/v2\/comments?post=97761"}],"version-history":[{"count":0,"href":"https:\/\/www.europesays.com\/nl\/wp-json\/wp\/v2\/posts\/97761\/revisions"}],"wp:featuredmedia":[{"embeddable":true,"href":"https:\/\/www.europesays.com\/nl\/wp-json\/wp\/v2\/media\/97762"}],"wp:attachment":[{"href":"https:\/\/www.europesays.com\/nl\/wp-json\/wp\/v2\/media?parent=97761"}],"wp:term":[{"taxonomy":"category","embeddable":true,"href":"https:\/\/www.europesays.com\/nl\/wp-json\/wp\/v2\/categories?post=97761"},{"taxonomy":"post_tag","embeddable":true,"href":"https:\/\/www.europesays.com\/nl\/wp-json\/wp\/v2\/tags?post=97761"}],"curies":[{"name":"wp","href":"https:\/\/api.w.org\/{rel}","templated":true}]}}