{"id":98624,"date":"2025-12-31T05:39:11","date_gmt":"2025-12-31T05:39:11","guid":{"rendered":"https:\/\/www.europesays.com\/nl\/98624\/"},"modified":"2025-12-31T05:39:11","modified_gmt":"2025-12-31T05:39:11","slug":"rene-van-der-gijp-maakt-zich-zorgen-om-johan-derksen","status":"publish","type":"post","link":"https:\/\/www.europesays.com\/nl\/98624\/","title":{"rendered":"Ren\u00e9 van der Gijp maakt zich zorgen om Johan Derksen"},"content":{"rendered":"<p class=\"mui-173mato e10ntc2u0\">De mannen van Vandaag Inside zijn voorlopig even niet op SBS te zien, maar Ren\u00e9 van der Gijp heeft wel nog wekelijks opnames van de podcast KieftJansenEgmondGijp. Deze week was het Algemeen Dagblad er bij aanwezig, voor een interview met Ren\u00e9.<\/p>\n<p class=\"mui-173mato e10ntc2u0\">Zo vertelt de oud-voetballer onder meer dat hij het soms best lastig vindt om leuke gespreksonderwerpen te vinden en bedenken. &#8220;Ik heb daar bij Vandaag Inside moeite mee. Kijk, de maandag gaat wel. Dan is er voetbal geweest, Mathieu van der Poel, Max Verstappen, genoeg gebeurd. Op de vrijdag gaan we weer naar het weekend en kijken we weer vooruit.&#8221;<\/p>\n<p class=\"mui-173mato e10ntc2u0\">&#8220;Voor de dinsdag en donderdag is het soms zoeken, hoor. En je wil onderscheidend zijn. Bij Eva, in RTL Tonight en ook bij Jeroen Pauw kun je het elke dag uittekenen: Amerika-deskundigen over Trump, een generaal over de oorlog in Oekra\u00efne, de kabinetsformatie en het huizentekort. Moeten wij daar dan dan ook mee komen?&#8221;<\/p>\n<p class=\"mui-173mato e10ntc2u0\">Lees verder na de video&#8230;<\/p>\n<p><img alt=\"Johan Derksen valt stil na vraag over hoogtepunten van Vandaag Inside-seizoen\" loading=\"lazy\" decoding=\"async\" data-nimg=\"fill\" class=\"mui-nacstu e1qtpq9e5\" style=\"position:absolute;height:100%;width:100%;left:0;top:0;right:0;bottom:0;color:transparent\"   src=\"https:\/\/www.europesays.com\/nl\/wp-content\/uploads\/2025\/12\/johan-derksen-valt-stil-na-vraag-over-hoogtepunten-van-vandaag-inside-seizoen.jpg\"\/><\/p>\n<p>1:11<\/p>\n<p>Johan Derksen valt stil na vraag over hoogtepunten van Vandaag Inside-seizoen<\/p>\n<p>&#8216;Johan Derksen, blijf af en toe een dagje thuis&#8217;<\/p>\n<p class=\"mui-173mato e10ntc2u0\">Daarom mag het soms best iets minder in kwantiteit, vindt Ren\u00e9: &#8220;Ik zeg dat ook weleens tegen Johan en Wilfred die er echt van alles bij doen. Podcastje, plaatjes draaien in het weekend. Die werkethiek is ongelooflijk. Ik maak me weleens zorgen om Johan. 76 h\u00e8. Blijf lekker een dagje thuis als je grieperig bent, of geopereerd aan een liesbreuk, denk ik dan, of een weekje. Zetten we Joppie Knoester er neer of Jort Kelder. Maar zij voelen zich enorm verantwoordelijk voor het programma.&#8221;<\/p>\n<p class=\"mui-173mato e10ntc2u0\">Maar bestaat Vandaag Inside nog wel als Wilfred Genee en Johan over gaan slaan? &#8220;We zouden in de toekomst ook een poultje kunnen maken van een man of negen. Met bijvoorbeeld Thomas van Groningen erbij&#8221;, aldus Gijpie, die overigens nog niet aan volledig stoppen denkt. &#8220;Ik was laatst aan het tanken. Stond daar een jongen met zo\u2019n Uber Eats-box op zijn rug een sigaretje te roken. &#8216;Als ik slecht in mijn vel zit&#8217;, zei hij, \u2018dan zet ik een compilatie op van jullie. Dan kan ik er weer tegenaan\u2019. Kijk, daar doe je het toch voor?&#8221;<\/p>\n<p class=\"mui-173mato e10ntc2u0\">Deze week schoof de zoon van Ren\u00e9, Nicky, nog aan in De Oranjewinter bij H\u00e9l\u00e8ne Hendriks:<\/p>\n<p><img alt=\"Nicky van der Gijp verbaasd over reactie Ajax-speler na aanstelling Jordi Cruijff\" loading=\"lazy\" decoding=\"async\" data-nimg=\"fill\" class=\"mui-nacstu e1qtpq9e5\" style=\"position:absolute;height:100%;width:100%;left:0;top:0;right:0;bottom:0;color:transparent\"   src=\"https:\/\/www.europesays.com\/nl\/wp-content\/uploads\/2025\/12\/nicky-van-der-gijp-verbaasd-over-reactie-ajax-speler-na-aanstelling-jordi-cruijff.jpg\"\/><\/p>\n<p>2:00<\/p>\n<p>Nicky van der Gijp verbaasd over reactie Ajax-speler na aanstelling Jordi Cruijff<\/p>\n","protected":false},"excerpt":{"rendered":"De mannen van Vandaag Inside zijn voorlopig even niet op SBS te zien, maar Ren\u00e9 van der Gijp&hellip;\n","protected":false},"author":2,"featured_media":98625,"comment_status":"","ping_status":"","sticky":false,"template":"","format":"standard","meta":{"footnotes":""},"categories":[31],"tags":[99,147,48,98,46,47,49,45,50],"class_list":{"0":"post-98624","1":"post","2":"type-post","3":"status-publish","4":"format-standard","5":"has-post-thumbnail","7":"category-celebrities","8":"tag-amusement","9":"tag-celebrities","10":"tag-dutch","11":"tag-entertainment","12":"tag-nederland","13":"tag-nederlanden","14":"tag-nederlands","15":"tag-netherlands","16":"tag-nl"},"share_on_mastodon":{"url":"https:\/\/pubeurope.com\/@nl\/115812575650521539","error":""},"_links":{"self":[{"href":"https:\/\/www.europesays.com\/nl\/wp-json\/wp\/v2\/posts\/98624","targetHints":{"allow":["GET"]}}],"collection":[{"href":"https:\/\/www.europesays.com\/nl\/wp-json\/wp\/v2\/posts"}],"about":[{"href":"https:\/\/www.europesays.com\/nl\/wp-json\/wp\/v2\/types\/post"}],"author":[{"embeddable":true,"href":"https:\/\/www.europesays.com\/nl\/wp-json\/wp\/v2\/users\/2"}],"replies":[{"embeddable":true,"href":"https:\/\/www.europesays.com\/nl\/wp-json\/wp\/v2\/comments?post=98624"}],"version-history":[{"count":0,"href":"https:\/\/www.europesays.com\/nl\/wp-json\/wp\/v2\/posts\/98624\/revisions"}],"wp:featuredmedia":[{"embeddable":true,"href":"https:\/\/www.europesays.com\/nl\/wp-json\/wp\/v2\/media\/98625"}],"wp:attachment":[{"href":"https:\/\/www.europesays.com\/nl\/wp-json\/wp\/v2\/media?parent=98624"}],"wp:term":[{"taxonomy":"category","embeddable":true,"href":"https:\/\/www.europesays.com\/nl\/wp-json\/wp\/v2\/categories?post=98624"},{"taxonomy":"post_tag","embeddable":true,"href":"https:\/\/www.europesays.com\/nl\/wp-json\/wp\/v2\/tags?post=98624"}],"curies":[{"name":"wp","href":"https:\/\/api.w.org\/{rel}","templated":true}]}}