{"id":98888,"date":"2025-12-31T12:58:09","date_gmt":"2025-12-31T12:58:09","guid":{"rendered":"https:\/\/www.europesays.com\/nl\/98888\/"},"modified":"2025-12-31T12:58:09","modified_gmt":"2025-12-31T12:58:09","slug":"over-een-paar-nachtjes-slapen-komt-deze-sciencefictionknaller-digitaal-beschikbaar","status":"publish","type":"post","link":"https:\/\/www.europesays.com\/nl\/98888\/","title":{"rendered":"Over een paar nachtjes slapen komt deze sciencefictionknaller digitaal beschikbaar"},"content":{"rendered":"<p>        <a href=\"https:\/\/www.filmtotaal.nl\/film\/40143\" rel=\"nofollow noopener\" target=\"_blank\">Predator: Badlands<\/a>, de derde &#8216;Predator&#8217;-film van regisseur <a href=\"https:\/\/www.filmtotaal.nl\/persoon\/147026\" rel=\"nofollow noopener\" target=\"_blank\">Dan Trachtenberg<\/a> in de franchise (na Prey en de animatieserie Predator: Killer of Killers) draaide bijna 2 maanden geleden in de bioscoop.<\/p>\n<p>Fans vragen zich al een tijdje af wanneer de film digitaal beschikbaar komt en daar lijkt nu een antwoord op gegeven te worden, namelijk 6 januari.<\/p>\n<p>Bonusmateriaal<br \/>Vanaf volgende week is hij dus thuis te bekijken, in Nederland waarschijnlijk via platforms als Disney+ en Path\u00e9 Thuis en mogelijk Apple TV. Halverwege februari volgt de release op 4K Ultra HD, Blu-ray en DVD.<\/p>\n<p>De schijven zullen een berg aan bonusmateriaal bevatten, waaronder verwijderde en pre-visualisatiesc\u00e8nes met optioneel audiocommentaar, een vroege animatie van de ontmoetingssc\u00e8ne die er eerst heel anders uitzag en de volledige versie van de &#8216;Squirt Canyon&#8217;-sc\u00e8ne.<\/p>\n<p>Featurettes<br \/>Daarnaast zijn er verschillende featurettes beschikbaar, zoals het team van ontwerpers, acteurs en effecten die de Predator tot leven brengen, de vertolking van twee personages door <a href=\"https:\/\/www.filmtotaal.nl\/persoon\/83715\" rel=\"nofollow noopener\" target=\"_blank\">Elle Fanning<\/a>, de bouw van de Badlands, een presentatie van Trachtenberg over de &#8216;Predator&#8217;-cultuur.<\/p>\n","protected":false},"excerpt":{"rendered":"Predator: Badlands, de derde &#8216;Predator&#8217;-film van regisseur Dan Trachtenberg in de franchise (na Prey en de animatieserie Predator:&hellip;\n","protected":false},"author":2,"featured_media":98889,"comment_status":"","ping_status":"","sticky":false,"template":"","format":"standard","meta":{"footnotes":""},"categories":[26],"tags":[99,48,98,102,103,101,46,47,49,45,50],"class_list":{"0":"post-98888","1":"post","2":"type-post","3":"status-publish","4":"format-standard","5":"has-post-thumbnail","7":"category-films","8":"tag-amusement","9":"tag-dutch","10":"tag-entertainment","11":"tag-film","12":"tag-films","13":"tag-movies","14":"tag-nederland","15":"tag-nederlanden","16":"tag-nederlands","17":"tag-netherlands","18":"tag-nl"},"share_on_mastodon":{"url":"https:\/\/pubeurope.com\/@nl\/115814301939986815","error":""},"_links":{"self":[{"href":"https:\/\/www.europesays.com\/nl\/wp-json\/wp\/v2\/posts\/98888","targetHints":{"allow":["GET"]}}],"collection":[{"href":"https:\/\/www.europesays.com\/nl\/wp-json\/wp\/v2\/posts"}],"about":[{"href":"https:\/\/www.europesays.com\/nl\/wp-json\/wp\/v2\/types\/post"}],"author":[{"embeddable":true,"href":"https:\/\/www.europesays.com\/nl\/wp-json\/wp\/v2\/users\/2"}],"replies":[{"embeddable":true,"href":"https:\/\/www.europesays.com\/nl\/wp-json\/wp\/v2\/comments?post=98888"}],"version-history":[{"count":0,"href":"https:\/\/www.europesays.com\/nl\/wp-json\/wp\/v2\/posts\/98888\/revisions"}],"wp:featuredmedia":[{"embeddable":true,"href":"https:\/\/www.europesays.com\/nl\/wp-json\/wp\/v2\/media\/98889"}],"wp:attachment":[{"href":"https:\/\/www.europesays.com\/nl\/wp-json\/wp\/v2\/media?parent=98888"}],"wp:term":[{"taxonomy":"category","embeddable":true,"href":"https:\/\/www.europesays.com\/nl\/wp-json\/wp\/v2\/categories?post=98888"},{"taxonomy":"post_tag","embeddable":true,"href":"https:\/\/www.europesays.com\/nl\/wp-json\/wp\/v2\/tags?post=98888"}],"curies":[{"name":"wp","href":"https:\/\/api.w.org\/{rel}","templated":true}]}}